{"id":46327,"date":"2026-03-27T15:04:54","date_gmt":"2026-03-27T14:04:54","guid":{"rendered":"https:\/\/foretnature.be\/?post_type=forestnews&#038;p=46327"},"modified":"2026-03-27T15:04:54","modified_gmt":"2026-03-27T14:04:54","slug":"2025-wildfire-review-for-the-mediterranean-region","status":"publish","type":"forestnews","link":"https:\/\/foretnature.be\/en\/forestnews\/2025-wildfire-review-for-the-mediterranean-region\/","title":{"rendered":"2025 Wildfire Review for the Mediterranean Region"},"content":{"rendered":"<p>An article published in the journal \u201cFor\u00eat m\u00e9diterran\u00e9enne\u201d presents a preliminary assessment of the 2025 forest fires in the Mediterranean region. The year was characterised by a very mild and dry winter, followed by intense heat. Rainfall in March temporarily curbed spring fires; however, severe drought subsequently led to early vegetation desiccation and an increased risk of fire spread. In June, a marked precipitation deficit combined with an exceptional heatwave rapidly dried out the vegetation. Several major fires broke out in early July, notably in Narbonne and Les Pennes-Mirabeau, where residential properties were destroyed.<\/p>\n<p>The most significant event, however, was the Ribaute fire (Aude d\u00e9partement) in August: more than 11,000 hectares burned, 17 municipalities affected, human casualties, and extensive environmental damage, including in protected areas.<\/p>\n<p>In total, approximately 6,620 fires destroyed more than 20,000 hectares of forest. Although the number of fires was close to the long-term average, the total area burned was exceptionally high. The article highlights the role of climate change in intensifying the severity and magnitude of wildfires.<\/p>","protected":false},"featured_media":46238,"template":"","class_list":["post-46327","forestnews","type-forestnews","status-publish","has-post-thumbnail","hentry"],"acf":[],"_links":{"self":[{"href":"https:\/\/foretnature.be\/en\/wp-json\/wp\/v2\/forestnews\/46327","targetHints":{"allow":["GET"]}}],"collection":[{"href":"https:\/\/foretnature.be\/en\/wp-json\/wp\/v2\/forestnews"}],"about":[{"href":"https:\/\/foretnature.be\/en\/wp-json\/wp\/v2\/types\/forestnews"}],"wp:featuredmedia":[{"embeddable":true,"href":"https:\/\/foretnature.be\/en\/wp-json\/wp\/v2\/media\/46238"}],"wp:attachment":[{"href":"https:\/\/foretnature.be\/en\/wp-json\/wp\/v2\/media?parent=46327"}],"curies":[{"name":"wp","href":"https:\/\/api.w.org\/{rel}","templated":true}]}}