{"id":46152,"date":"2026-01-07T15:56:28","date_gmt":"2026-01-07T14:56:28","guid":{"rendered":"https:\/\/foretnature.be\/?post_type=article-foret-nature&#038;p=46152"},"modified":"2026-01-07T15:56:28","modified_gmt":"2026-01-07T14:56:28","slug":"lequilibre-foret-gibier-entre-interactions-complexes-et-defis-de-gestion","status":"publish","type":"article-foret-nature","link":"https:\/\/foretnature.be\/en\/article-foret-nature\/lequilibre-foret-gibier-entre-interactions-complexes-et-defis-de-gestion\/","title":{"rendered":"L\u2019\u00e9quilibre for\u00eat-gibier, entre interactions complexes et d\u00e9fis de gestion"},"content":{"rendered":"<p>La r\u00e9g\u00e9n\u00e9ration naturelle constitue un pilier de la r\u00e9silience foresti\u00e8re, mais sa r\u00e9ussite d\u00e9pend d\u2019interactions complexes entre lumi\u00e8re, sol, v\u00e9g\u00e9tation concurrente et ongul\u00e9s. Cette synth\u00e8se en d\u00e9crit la complexit\u00e9, qui fait de la gestion adaptative une solution pragmatique pour objectiver l\u2019\u00e9quilibre for\u00eat-gibier.<\/p>","protected":false},"excerpt":{"rendered":"<p>La r\u00e9g\u00e9n\u00e9ration naturelle constitue un pilier de la r\u00e9silience foresti\u00e8re, mais sa r\u00e9ussite d\u00e9pend d\u2019interactions complexes entre lumi\u00e8re, sol, v\u00e9g\u00e9tation concurrente et ongul\u00e9s. Cette synth\u00e8se en d\u00e9crit la complexit\u00e9, qui fait de la gestion adaptative une solution pragmatique pour objectiver l\u2019\u00e9quilibre for\u00eat-gibier.<\/p>","protected":false},"featured_media":0,"template":"","categories":[49],"class_list":["post-46152","article-foret-nature","type-article-foret-nature","status-publish","hentry","category-revue-foret-nature"],"acf":[],"_links":{"self":[{"href":"https:\/\/foretnature.be\/en\/wp-json\/wp\/v2\/article-foret-nature\/46152","targetHints":{"allow":["GET"]}}],"collection":[{"href":"https:\/\/foretnature.be\/en\/wp-json\/wp\/v2\/article-foret-nature"}],"about":[{"href":"https:\/\/foretnature.be\/en\/wp-json\/wp\/v2\/types\/article-foret-nature"}],"wp:attachment":[{"href":"https:\/\/foretnature.be\/en\/wp-json\/wp\/v2\/media?parent=46152"}],"wp:term":[{"taxonomy":"category","embeddable":true,"href":"https:\/\/foretnature.be\/en\/wp-json\/wp\/v2\/categories?post=46152"}],"curies":[{"name":"wp","href":"https:\/\/api.w.org\/{rel}","templated":true}]}}