{"id":44332,"date":"2024-10-23T16:43:07","date_gmt":"2024-10-23T14:43:07","guid":{"rendered":"https:\/\/foretnature.be\/?post_type=article-foret-nature&#038;p=44332"},"modified":"2024-10-23T16:43:07","modified_gmt":"2024-10-23T14:43:07","slug":"les-essences-forestieres-secondaires-des-lisieres-etagees-essais-de-multiplication-dans-le-cadre-du-projet-life-elia","status":"publish","type":"article-foret-nature","link":"https:\/\/foretnature.be\/en\/article-foret-nature\/les-essences-forestieres-secondaires-des-lisieres-etagees-essais-de-multiplication-dans-le-cadre-du-projet-life-elia\/","title":{"rendered":"Les essences foresti\u00e8res secondaires des lisi\u00e8res \u00e9tag\u00e9es : essais de multiplication dans le cadre du projet LIFE ELIA"},"content":{"rendered":"<p>Le projet LIFE ELIA vise \u00e0 exploiter les superficies sous les lignes \u00e0 haute tension de mani\u00e8re \u00e0 y installer des lisi\u00e8res foresti\u00e8res \u00e9tag\u00e9es, n\u00e9cessaires \u00e0 la stabilit\u00e9 des peuplements, \u00e0 l\u2019accueil de la faune sauvage et int\u00e9ressantes en mati\u00e8re de biodiversit\u00e9 en g\u00e9n\u00e9ral. Les objectifs fix\u00e9s par le projet sont de cr\u00e9er 30 km de lisi\u00e8res et d\u2019en restaurer 40 autres. Une autre action consistera \u00e0 planter 20 ha de vergers conservatoires en pommiers, poiriers et n\u00e9fliers sauvages. Les essences utilis\u00e9es pour reconstruire les lisi\u00e8res sont des essences secondaires dont les provenances belges sont difficiles \u00e0 se procurer dans le commerce \u00e0 un prix abordable. L\u2019implantation de ces essences est de plus tr\u00e8s d\u00e9licate \u00e0 cause de leur app\u00e9tence pour le gibier. L\u2019article aborde les m\u00e9thodes d\u00e9velopp\u00e9es dans le projet pour produire ces essences secondaires \u00e0 implanter. L\u2019ann\u00e9e de lancement du projet, en 2011, les gestionnaires du projet ont pu mettre \u00e0 profit une production de fruits exceptionnelle (600 kg de fruits au total) pour des esp\u00e8ces telles que le tro\u00e8ne, le prunellier, la bourdaine, la viorne mancienne, l\u2019obier, le fusain, le pommier sauvage, le n\u00e9flier, le poirier sauvage, le sureau, l\u2019aub\u00e9pine \u00e0 deux styles, l\u2019alisier et le nerprun purgatif. Des boutures de 40 cm de longueur ont \u00e9galement \u00e9t\u00e9 r\u00e9alis\u00e9es pour les sureaux noir et rouge, le noisetier, le tro\u00e8ne et le saule \u00e0 oreillettes \u00e0 raison de trois mille au total. Le projet a pu compter sur une collaboration avec le Comptoir \u00e0 graines de Marche-en-Famenne pour le stockage des fruits. L\u2019extraction des graines, \u00e9tape souvent fastidieuse, a permis de r\u00e9cup\u00e9rer quelque 14 kg de graines. Il a ensuite fallu les soumettre \u00e0 une lev\u00e9e de dormance qui implique une m\u00e9thode diff\u00e9rente pour chaque esp\u00e8ce r\u00e9colt\u00e9e. Apr\u00e8s cela, il a fallu attendre les conditions m\u00e9t\u00e9orologiques favorables pour pr\u00e9parer les p\u00e9pini\u00e8res. Le semis a pu \u00eatre r\u00e9alis\u00e9 fin mai 2012. Les plants ont pass\u00e9 deux ans en p\u00e9pini\u00e8re pour des raisons techniques ou administratives. D\u00e9but 2014, les plants ont pu \u00eatre arrach\u00e9s, toilett\u00e9s et mis en jauge. Les plants issus de semis ont ensuite \u00e9t\u00e9 plant\u00e9s sous les lignes \u00e0 haute tension \u00e0 des distances de 1, 5 x 2 m pour les lisi\u00e8res et 5 x 5 m pour les vergers. Des protections ont \u00e9t\u00e9 install\u00e9es contre la dent du gibier pour les essences les plus sensibles. En ce qui concerne les boutures, elles ont \u00e9t\u00e9 plant\u00e9es d\u00e8s l\u2019automne 2011. En conclusion, la d\u00e9marche mise en place d\u00e8s le d\u00e9but du projet consistant \u00e0 ma\u00eetriser la fili\u00e8re de production a permis non seulement de garantir l\u2019approvisionnement en suffisance d\u2019essences secondaires d\u2019origine belge mais aussi d\u2019archiver les op\u00e9rations et les r\u00e9sultats qui permettront de r\u00e9p\u00e9ter le processus en b\u00e9n\u00e9ficiant de l\u2019exp\u00e9rience du pass\u00e9. Un partenariat a \u00e9galement \u00e9t\u00e9 \u00e9tabli avec la p\u00e9pini\u00e8re Op de Beeck pour le semis des essences secondaires. [D.A.]<\/p>","protected":false},"excerpt":{"rendered":"<p>Le projet LIFE ELIA vise \u00e0 exploiter les superficies sous les lignes \u00e0 haute tension de mani\u00e8re \u00e0 y installer des lisi\u00e8res foresti\u00e8res \u00e9tag\u00e9es, n\u00e9cessaires \u00e0 la stabilit\u00e9 des peuplements, \u00e0 l\u2019accueil de la faune sauvage et int\u00e9ressantes en mati\u00e8re de biodiversit\u00e9 en g\u00e9n\u00e9ral. Les objectifs fix\u00e9s par le projet sont de cr\u00e9er 30 km [&hellip;]<\/p>","protected":false},"featured_media":0,"template":"","categories":[49],"acf":[],"yoast_head":"<!-- This site is optimized with the Yoast SEO plugin v23.2 - https:\/\/yoast.com\/wordpress\/plugins\/seo\/ -->\n<title>Les essences foresti\u00e8res secondaires des lisi\u00e8res \u00e9tag\u00e9es : essais de multiplication dans le cadre du projet LIFE ELIA - For\u00eat.Nature<\/title>\n<meta name=\"robots\" content=\"index, follow, max-snippet:-1, max-image-preview:large, max-video-preview:-1\" \/>\n<link rel=\"canonical\" href=\"https:\/\/foretnature.be\/en\/article-foret-nature\/les-essences-forestieres-secondaires-des-lisieres-etagees-essais-de-multiplication-dans-le-cadre-du-projet-life-elia\/\" \/>\n<meta property=\"og:locale\" content=\"en_GB\" \/>\n<meta property=\"og:type\" content=\"article\" \/>\n<meta property=\"og:title\" content=\"Les essences foresti\u00e8res secondaires des lisi\u00e8res \u00e9tag\u00e9es : essais de multiplication dans le cadre du projet LIFE ELIA - For\u00eat.Nature\" \/>\n<meta property=\"og:description\" content=\"Le projet LIFE ELIA vise \u00e0 exploiter les superficies sous les lignes \u00e0 haute tension de mani\u00e8re \u00e0 y installer des lisi\u00e8res foresti\u00e8res \u00e9tag\u00e9es, n\u00e9cessaires \u00e0 la stabilit\u00e9 des peuplements, \u00e0 l\u2019accueil de la faune sauvage et int\u00e9ressantes en mati\u00e8re de biodiversit\u00e9 en g\u00e9n\u00e9ral. Les objectifs fix\u00e9s par le projet sont de cr\u00e9er 30 km [&hellip;]\" \/>\n<meta property=\"og:url\" content=\"https:\/\/foretnature.be\/en\/article-foret-nature\/les-essences-forestieres-secondaires-des-lisieres-etagees-essais-de-multiplication-dans-le-cadre-du-projet-life-elia\/\" \/>\n<meta property=\"og:site_name\" content=\"For\u00eat.Nature\" \/>\n<meta name=\"twitter:card\" content=\"summary_large_image\" \/>\n<meta name=\"twitter:label1\" content=\"Estimated reading time\" \/>\n\t<meta name=\"twitter:data1\" content=\"3 minutes\" \/>\n<script type=\"application\/ld+json\" class=\"yoast-schema-graph\">{\"@context\":\"https:\/\/schema.org\",\"@graph\":[{\"@type\":\"WebPage\",\"@id\":\"https:\/\/foretnature.be\/en\/article-foret-nature\/les-essences-forestieres-secondaires-des-lisieres-etagees-essais-de-multiplication-dans-le-cadre-du-projet-life-elia\/\",\"url\":\"https:\/\/foretnature.be\/en\/article-foret-nature\/les-essences-forestieres-secondaires-des-lisieres-etagees-essais-de-multiplication-dans-le-cadre-du-projet-life-elia\/\",\"name\":\"Les essences foresti\u00e8res secondaires des lisi\u00e8res \u00e9tag\u00e9es : essais de multiplication dans le cadre du projet LIFE ELIA - For\u00eat.Nature\",\"isPartOf\":{\"@id\":\"https:\/\/foretnature.be\/en\/#website\"},\"datePublished\":\"2024-10-23T14:43:07+00:00\",\"dateModified\":\"2024-10-23T14:43:07+00:00\",\"breadcrumb\":{\"@id\":\"https:\/\/foretnature.be\/en\/article-foret-nature\/les-essences-forestieres-secondaires-des-lisieres-etagees-essais-de-multiplication-dans-le-cadre-du-projet-life-elia\/#breadcrumb\"},\"inLanguage\":\"en-GB\",\"potentialAction\":[{\"@type\":\"ReadAction\",\"target\":[\"https:\/\/foretnature.be\/en\/article-foret-nature\/les-essences-forestieres-secondaires-des-lisieres-etagees-essais-de-multiplication-dans-le-cadre-du-projet-life-elia\/\"]}]},{\"@type\":\"BreadcrumbList\",\"@id\":\"https:\/\/foretnature.be\/en\/article-foret-nature\/les-essences-forestieres-secondaires-des-lisieres-etagees-essais-de-multiplication-dans-le-cadre-du-projet-life-elia\/#breadcrumb\",\"itemListElement\":[{\"@type\":\"ListItem\",\"position\":1,\"name\":\"Home\",\"item\":\"https:\/\/foretnature.be\/en\/\"},{\"@type\":\"ListItem\",\"position\":2,\"name\":\"Les essences foresti\u00e8res secondaires des lisi\u00e8res \u00e9tag\u00e9es : essais de multiplication dans le cadre du projet LIFE ELIA\"}]},{\"@type\":\"WebSite\",\"@id\":\"https:\/\/foretnature.be\/en\/#website\",\"url\":\"https:\/\/foretnature.be\/en\/\",\"name\":\"For\u00eat.Nature\",\"description\":\"Une \u00e9quipe technique au service de la for\u00eat\",\"publisher\":{\"@id\":\"https:\/\/foretnature.be\/en\/#organization\"},\"potentialAction\":[{\"@type\":\"SearchAction\",\"target\":{\"@type\":\"EntryPoint\",\"urlTemplate\":\"https:\/\/foretnature.be\/en\/?s={search_term_string}\"},\"query-input\":\"required name=search_term_string\"}],\"inLanguage\":\"en-GB\"},{\"@type\":\"Organization\",\"@id\":\"https:\/\/foretnature.be\/en\/#organization\",\"name\":\"For\u00eat.Nature\",\"url\":\"https:\/\/foretnature.be\/en\/\",\"logo\":{\"@type\":\"ImageObject\",\"inLanguage\":\"en-GB\",\"@id\":\"https:\/\/foretnature.be\/en\/#\/schema\/logo\/image\/\",\"url\":\"https:\/\/foretnature.be\/wp-content\/uploads\/2021\/01\/logoFOblanc.png\",\"contentUrl\":\"https:\/\/foretnature.be\/wp-content\/uploads\/2021\/01\/logoFOblanc.png\",\"width\":300,\"height\":151,\"caption\":\"For\u00eat.Nature\"},\"image\":{\"@id\":\"https:\/\/foretnature.be\/en\/#\/schema\/logo\/image\/\"}}]}<\/script>\n<!-- \/ Yoast SEO plugin. -->","yoast_head_json":{"title":"Les essences foresti\u00e8res secondaires des lisi\u00e8res \u00e9tag\u00e9es : essais de multiplication dans le cadre du projet LIFE ELIA - For\u00eat.Nature","robots":{"index":"index","follow":"follow","max-snippet":"max-snippet:-1","max-image-preview":"max-image-preview:large","max-video-preview":"max-video-preview:-1"},"canonical":"https:\/\/foretnature.be\/en\/article-foret-nature\/les-essences-forestieres-secondaires-des-lisieres-etagees-essais-de-multiplication-dans-le-cadre-du-projet-life-elia\/","og_locale":"en_GB","og_type":"article","og_title":"Les essences foresti\u00e8res secondaires des lisi\u00e8res \u00e9tag\u00e9es : essais de multiplication dans le cadre du projet LIFE ELIA - For\u00eat.Nature","og_description":"Le projet LIFE ELIA vise \u00e0 exploiter les superficies sous les lignes \u00e0 haute tension de mani\u00e8re \u00e0 y installer des lisi\u00e8res foresti\u00e8res \u00e9tag\u00e9es, n\u00e9cessaires \u00e0 la stabilit\u00e9 des peuplements, \u00e0 l\u2019accueil de la faune sauvage et int\u00e9ressantes en mati\u00e8re de biodiversit\u00e9 en g\u00e9n\u00e9ral. Les objectifs fix\u00e9s par le projet sont de cr\u00e9er 30 km [&hellip;]","og_url":"https:\/\/foretnature.be\/en\/article-foret-nature\/les-essences-forestieres-secondaires-des-lisieres-etagees-essais-de-multiplication-dans-le-cadre-du-projet-life-elia\/","og_site_name":"For\u00eat.Nature","twitter_card":"summary_large_image","twitter_misc":{"Estimated reading time":"3 minutes"},"schema":{"@context":"https:\/\/schema.org","@graph":[{"@type":"WebPage","@id":"https:\/\/foretnature.be\/en\/article-foret-nature\/les-essences-forestieres-secondaires-des-lisieres-etagees-essais-de-multiplication-dans-le-cadre-du-projet-life-elia\/","url":"https:\/\/foretnature.be\/en\/article-foret-nature\/les-essences-forestieres-secondaires-des-lisieres-etagees-essais-de-multiplication-dans-le-cadre-du-projet-life-elia\/","name":"Les essences foresti\u00e8res secondaires des lisi\u00e8res \u00e9tag\u00e9es : essais de multiplication dans le cadre du projet LIFE ELIA - For\u00eat.Nature","isPartOf":{"@id":"https:\/\/foretnature.be\/en\/#website"},"datePublished":"2024-10-23T14:43:07+00:00","dateModified":"2024-10-23T14:43:07+00:00","breadcrumb":{"@id":"https:\/\/foretnature.be\/en\/article-foret-nature\/les-essences-forestieres-secondaires-des-lisieres-etagees-essais-de-multiplication-dans-le-cadre-du-projet-life-elia\/#breadcrumb"},"inLanguage":"en-GB","potentialAction":[{"@type":"ReadAction","target":["https:\/\/foretnature.be\/en\/article-foret-nature\/les-essences-forestieres-secondaires-des-lisieres-etagees-essais-de-multiplication-dans-le-cadre-du-projet-life-elia\/"]}]},{"@type":"BreadcrumbList","@id":"https:\/\/foretnature.be\/en\/article-foret-nature\/les-essences-forestieres-secondaires-des-lisieres-etagees-essais-de-multiplication-dans-le-cadre-du-projet-life-elia\/#breadcrumb","itemListElement":[{"@type":"ListItem","position":1,"name":"Home","item":"https:\/\/foretnature.be\/en\/"},{"@type":"ListItem","position":2,"name":"Les essences foresti\u00e8res secondaires des lisi\u00e8res \u00e9tag\u00e9es : essais de multiplication dans le cadre du projet LIFE ELIA"}]},{"@type":"WebSite","@id":"https:\/\/foretnature.be\/en\/#website","url":"https:\/\/foretnature.be\/en\/","name":"For\u00eat.Nature","description":"Une \u00e9quipe technique au service de la for\u00eat","publisher":{"@id":"https:\/\/foretnature.be\/en\/#organization"},"potentialAction":[{"@type":"SearchAction","target":{"@type":"EntryPoint","urlTemplate":"https:\/\/foretnature.be\/en\/?s={search_term_string}"},"query-input":"required name=search_term_string"}],"inLanguage":"en-GB"},{"@type":"Organization","@id":"https:\/\/foretnature.be\/en\/#organization","name":"For\u00eat.Nature","url":"https:\/\/foretnature.be\/en\/","logo":{"@type":"ImageObject","inLanguage":"en-GB","@id":"https:\/\/foretnature.be\/en\/#\/schema\/logo\/image\/","url":"https:\/\/foretnature.be\/wp-content\/uploads\/2021\/01\/logoFOblanc.png","contentUrl":"https:\/\/foretnature.be\/wp-content\/uploads\/2021\/01\/logoFOblanc.png","width":300,"height":151,"caption":"For\u00eat.Nature"},"image":{"@id":"https:\/\/foretnature.be\/en\/#\/schema\/logo\/image\/"}}]}},"_links":{"self":[{"href":"https:\/\/foretnature.be\/en\/wp-json\/wp\/v2\/article-foret-nature\/44332"}],"collection":[{"href":"https:\/\/foretnature.be\/en\/wp-json\/wp\/v2\/article-foret-nature"}],"about":[{"href":"https:\/\/foretnature.be\/en\/wp-json\/wp\/v2\/types\/article-foret-nature"}],"wp:attachment":[{"href":"https:\/\/foretnature.be\/en\/wp-json\/wp\/v2\/media?parent=44332"}],"wp:term":[{"taxonomy":"category","embeddable":true,"href":"https:\/\/foretnature.be\/en\/wp-json\/wp\/v2\/categories?post=44332"}],"curies":[{"name":"wp","href":"https:\/\/api.w.org\/{rel}","templated":true}]}}