{"id":44278,"date":"2024-10-23T16:42:07","date_gmt":"2024-10-23T14:42:07","guid":{"rendered":"https:\/\/foretnature.be\/?post_type=article-foret-nature&#038;p=44278"},"modified":"2024-10-23T16:42:07","modified_gmt":"2024-10-23T14:42:07","slug":"une-gestion-concertee-pour-la-petite-faune-sauvage-des-plaines","status":"publish","type":"article-foret-nature","link":"https:\/\/foretnature.be\/en\/article-foret-nature\/une-gestion-concertee-pour-la-petite-faune-sauvage-des-plaines\/","title":{"rendered":"Une gestion concert\u00e9e pour la petite faune sauvage des plaines"},"content":{"rendered":"<p>Depuis 2008, l\u2019asbl Faune &#038; Biotopes met en place un programme de gestion int\u00e9gr\u00e9e \u00e0 large \u00e9chelle de la petite faune sauvage des plaines. Les objectifs sont d\u2019assurer une gestion en lien avec la biologie de l\u2019animal et de f\u00e9d\u00e9rer les nombreux acteurs susceptibles de pouvoir am\u00e9liorer le biotope \u00e0 travers une d\u00e9marche participative. Le projet pilote intitul\u00e9 \u00ab 2 000 hectares, sinon rien ! \u00bb a d\u00e9but\u00e9 en 2012 pour une dur\u00e9e de 5 ans. [S.P.]<\/p>","protected":false},"excerpt":{"rendered":"<p>Depuis 2008, l\u2019asbl Faune &#038; Biotopes met en place un programme de gestion int\u00e9gr\u00e9e \u00e0 large \u00e9chelle de la petite faune sauvage des plaines. Les objectifs sont d\u2019assurer une gestion en lien avec la biologie de l\u2019animal et de f\u00e9d\u00e9rer les nombreux acteurs susceptibles de pouvoir am\u00e9liorer le biotope \u00e0 travers une d\u00e9marche participative. Le [&hellip;]<\/p>","protected":false},"featured_media":0,"template":"","categories":[49],"acf":[],"yoast_head":"<!-- This site is optimized with the Yoast SEO plugin v23.2 - https:\/\/yoast.com\/wordpress\/plugins\/seo\/ -->\n<title>Une gestion concert\u00e9e pour la petite faune sauvage des plaines - For\u00eat.Nature<\/title>\n<meta name=\"robots\" content=\"index, follow, max-snippet:-1, max-image-preview:large, max-video-preview:-1\" \/>\n<link rel=\"canonical\" href=\"https:\/\/foretnature.be\/en\/article-foret-nature\/une-gestion-concertee-pour-la-petite-faune-sauvage-des-plaines\/\" \/>\n<meta property=\"og:locale\" content=\"en_GB\" \/>\n<meta property=\"og:type\" content=\"article\" \/>\n<meta property=\"og:title\" content=\"Une gestion concert\u00e9e pour la petite faune sauvage des plaines - For\u00eat.Nature\" \/>\n<meta property=\"og:description\" content=\"Depuis 2008, l\u2019asbl Faune &#038; Biotopes met en place un programme de gestion int\u00e9gr\u00e9e \u00e0 large \u00e9chelle de la petite faune sauvage des plaines. Les objectifs sont d\u2019assurer une gestion en lien avec la biologie de l\u2019animal et de f\u00e9d\u00e9rer les nombreux acteurs susceptibles de pouvoir am\u00e9liorer le biotope \u00e0 travers une d\u00e9marche participative. Le [&hellip;]\" \/>\n<meta property=\"og:url\" content=\"https:\/\/foretnature.be\/en\/article-foret-nature\/une-gestion-concertee-pour-la-petite-faune-sauvage-des-plaines\/\" \/>\n<meta property=\"og:site_name\" content=\"For\u00eat.Nature\" \/>\n<meta name=\"twitter:card\" content=\"summary_large_image\" \/>\n<script type=\"application\/ld+json\" class=\"yoast-schema-graph\">{\"@context\":\"https:\/\/schema.org\",\"@graph\":[{\"@type\":\"WebPage\",\"@id\":\"https:\/\/foretnature.be\/article-foret-nature\/une-gestion-concertee-pour-la-petite-faune-sauvage-des-plaines\/\",\"url\":\"https:\/\/foretnature.be\/article-foret-nature\/une-gestion-concertee-pour-la-petite-faune-sauvage-des-plaines\/\",\"name\":\"Une gestion concert\u00e9e pour la petite faune sauvage des plaines - For\u00eat.Nature\",\"isPartOf\":{\"@id\":\"https:\/\/foretnature.be\/en\/#website\"},\"datePublished\":\"2024-10-23T14:42:07+00:00\",\"dateModified\":\"2024-10-23T14:42:07+00:00\",\"breadcrumb\":{\"@id\":\"https:\/\/foretnature.be\/article-foret-nature\/une-gestion-concertee-pour-la-petite-faune-sauvage-des-plaines\/#breadcrumb\"},\"inLanguage\":\"en-GB\",\"potentialAction\":[{\"@type\":\"ReadAction\",\"target\":[\"https:\/\/foretnature.be\/article-foret-nature\/une-gestion-concertee-pour-la-petite-faune-sauvage-des-plaines\/\"]}]},{\"@type\":\"BreadcrumbList\",\"@id\":\"https:\/\/foretnature.be\/article-foret-nature\/une-gestion-concertee-pour-la-petite-faune-sauvage-des-plaines\/#breadcrumb\",\"itemListElement\":[{\"@type\":\"ListItem\",\"position\":1,\"name\":\"Home\",\"item\":\"https:\/\/foretnature.be\/en\/\"},{\"@type\":\"ListItem\",\"position\":2,\"name\":\"Une gestion concert\u00e9e pour la petite faune sauvage des plaines\"}]},{\"@type\":\"WebSite\",\"@id\":\"https:\/\/foretnature.be\/en\/#website\",\"url\":\"https:\/\/foretnature.be\/en\/\",\"name\":\"For\u00eat.Nature\",\"description\":\"Une \u00e9quipe technique au service de la for\u00eat\",\"publisher\":{\"@id\":\"https:\/\/foretnature.be\/en\/#organization\"},\"potentialAction\":[{\"@type\":\"SearchAction\",\"target\":{\"@type\":\"EntryPoint\",\"urlTemplate\":\"https:\/\/foretnature.be\/en\/?s={search_term_string}\"},\"query-input\":\"required name=search_term_string\"}],\"inLanguage\":\"en-GB\"},{\"@type\":\"Organization\",\"@id\":\"https:\/\/foretnature.be\/en\/#organization\",\"name\":\"For\u00eat.Nature\",\"url\":\"https:\/\/foretnature.be\/en\/\",\"logo\":{\"@type\":\"ImageObject\",\"inLanguage\":\"en-GB\",\"@id\":\"https:\/\/foretnature.be\/en\/#\/schema\/logo\/image\/\",\"url\":\"https:\/\/foretnature.be\/wp-content\/uploads\/2021\/01\/logoFOblanc.png\",\"contentUrl\":\"https:\/\/foretnature.be\/wp-content\/uploads\/2021\/01\/logoFOblanc.png\",\"width\":300,\"height\":151,\"caption\":\"For\u00eat.Nature\"},\"image\":{\"@id\":\"https:\/\/foretnature.be\/en\/#\/schema\/logo\/image\/\"}}]}<\/script>\n<!-- \/ Yoast SEO plugin. -->","yoast_head_json":{"title":"Une gestion concert\u00e9e pour la petite faune sauvage des plaines - For\u00eat.Nature","robots":{"index":"index","follow":"follow","max-snippet":"max-snippet:-1","max-image-preview":"max-image-preview:large","max-video-preview":"max-video-preview:-1"},"canonical":"https:\/\/foretnature.be\/en\/article-foret-nature\/une-gestion-concertee-pour-la-petite-faune-sauvage-des-plaines\/","og_locale":"en_GB","og_type":"article","og_title":"Une gestion concert\u00e9e pour la petite faune sauvage des plaines - For\u00eat.Nature","og_description":"Depuis 2008, l\u2019asbl Faune &#038; Biotopes met en place un programme de gestion int\u00e9gr\u00e9e \u00e0 large \u00e9chelle de la petite faune sauvage des plaines. Les objectifs sont d\u2019assurer une gestion en lien avec la biologie de l\u2019animal et de f\u00e9d\u00e9rer les nombreux acteurs susceptibles de pouvoir am\u00e9liorer le biotope \u00e0 travers une d\u00e9marche participative. Le [&hellip;]","og_url":"https:\/\/foretnature.be\/en\/article-foret-nature\/une-gestion-concertee-pour-la-petite-faune-sauvage-des-plaines\/","og_site_name":"For\u00eat.Nature","twitter_card":"summary_large_image","schema":{"@context":"https:\/\/schema.org","@graph":[{"@type":"WebPage","@id":"https:\/\/foretnature.be\/article-foret-nature\/une-gestion-concertee-pour-la-petite-faune-sauvage-des-plaines\/","url":"https:\/\/foretnature.be\/article-foret-nature\/une-gestion-concertee-pour-la-petite-faune-sauvage-des-plaines\/","name":"Une gestion concert\u00e9e pour la petite faune sauvage des plaines - For\u00eat.Nature","isPartOf":{"@id":"https:\/\/foretnature.be\/en\/#website"},"datePublished":"2024-10-23T14:42:07+00:00","dateModified":"2024-10-23T14:42:07+00:00","breadcrumb":{"@id":"https:\/\/foretnature.be\/article-foret-nature\/une-gestion-concertee-pour-la-petite-faune-sauvage-des-plaines\/#breadcrumb"},"inLanguage":"en-GB","potentialAction":[{"@type":"ReadAction","target":["https:\/\/foretnature.be\/article-foret-nature\/une-gestion-concertee-pour-la-petite-faune-sauvage-des-plaines\/"]}]},{"@type":"BreadcrumbList","@id":"https:\/\/foretnature.be\/article-foret-nature\/une-gestion-concertee-pour-la-petite-faune-sauvage-des-plaines\/#breadcrumb","itemListElement":[{"@type":"ListItem","position":1,"name":"Home","item":"https:\/\/foretnature.be\/en\/"},{"@type":"ListItem","position":2,"name":"Une gestion concert\u00e9e pour la petite faune sauvage des plaines"}]},{"@type":"WebSite","@id":"https:\/\/foretnature.be\/en\/#website","url":"https:\/\/foretnature.be\/en\/","name":"For\u00eat.Nature","description":"Une \u00e9quipe technique au service de la for\u00eat","publisher":{"@id":"https:\/\/foretnature.be\/en\/#organization"},"potentialAction":[{"@type":"SearchAction","target":{"@type":"EntryPoint","urlTemplate":"https:\/\/foretnature.be\/en\/?s={search_term_string}"},"query-input":"required name=search_term_string"}],"inLanguage":"en-GB"},{"@type":"Organization","@id":"https:\/\/foretnature.be\/en\/#organization","name":"For\u00eat.Nature","url":"https:\/\/foretnature.be\/en\/","logo":{"@type":"ImageObject","inLanguage":"en-GB","@id":"https:\/\/foretnature.be\/en\/#\/schema\/logo\/image\/","url":"https:\/\/foretnature.be\/wp-content\/uploads\/2021\/01\/logoFOblanc.png","contentUrl":"https:\/\/foretnature.be\/wp-content\/uploads\/2021\/01\/logoFOblanc.png","width":300,"height":151,"caption":"For\u00eat.Nature"},"image":{"@id":"https:\/\/foretnature.be\/en\/#\/schema\/logo\/image\/"}}]}},"_links":{"self":[{"href":"https:\/\/foretnature.be\/en\/wp-json\/wp\/v2\/article-foret-nature\/44278"}],"collection":[{"href":"https:\/\/foretnature.be\/en\/wp-json\/wp\/v2\/article-foret-nature"}],"about":[{"href":"https:\/\/foretnature.be\/en\/wp-json\/wp\/v2\/types\/article-foret-nature"}],"wp:attachment":[{"href":"https:\/\/foretnature.be\/en\/wp-json\/wp\/v2\/media?parent=44278"}],"wp:term":[{"taxonomy":"category","embeddable":true,"href":"https:\/\/foretnature.be\/en\/wp-json\/wp\/v2\/categories?post=44278"}],"curies":[{"name":"wp","href":"https:\/\/api.w.org\/{rel}","templated":true}]}}