{"id":44276,"date":"2024-10-23T16:42:06","date_gmt":"2024-10-23T14:42:06","guid":{"rendered":"https:\/\/foretnature.be\/?post_type=article-foret-nature&#038;p=44276"},"modified":"2024-10-23T16:42:06","modified_gmt":"2024-10-23T14:42:06","slug":"de-la-biodiversite-sous-les-lignes-a-haute-tension","status":"publish","type":"article-foret-nature","link":"https:\/\/foretnature.be\/en\/article-foret-nature\/de-la-biodiversite-sous-les-lignes-a-haute-tension\/","title":{"rendered":"De la biodiversit\u00e9 sous les lignes \u00e0 haute tension"},"content":{"rendered":"<p>La politique de gestion durable men\u00e9e par Elia, la soci\u00e9t\u00e9 qui g\u00e8re le transport d\u2019\u00e9lectricit\u00e9 \u00e0 haute tension en Belgique, l\u2019am\u00e8ne \u00e0 d\u00e9velopper des projets d\u2019am\u00e9lioration des biotopes autour et sous ses infrastructures, en plaine et en for\u00eat. Les projets sont d\u00e9velopp\u00e9s en partenariat avec des associations actives dans la mise en valeur des territoires, au b\u00e9n\u00e9fice de la biodiversit\u00e9. Les projets sont actuellement de trois types : l\u2019am\u00e9nagement des terrains autour des postes \u00e0 haute tension, la valorisation des pieds de pyl\u00f4nes et l\u2019entretien \u00e9cologique des terrains situ\u00e9s sous les lignes en for\u00eat. Ce dernier point fait l\u2019objet d\u2019un projet Life qui va \u00e9valuer les meilleures possibilit\u00e9s d\u2019am\u00e9nagement en termes de valeur \u00e9cologique et de p\u00e9rennit\u00e9. [C.H.]<\/p>","protected":false},"excerpt":{"rendered":"<p>La politique de gestion durable men\u00e9e par Elia, la soci\u00e9t\u00e9 qui g\u00e8re le transport d\u2019\u00e9lectricit\u00e9 \u00e0 haute tension en Belgique, l\u2019am\u00e8ne \u00e0 d\u00e9velopper des projets d\u2019am\u00e9lioration des biotopes autour et sous ses infrastructures, en plaine et en for\u00eat. Les projets sont d\u00e9velopp\u00e9s en partenariat avec des associations actives dans la mise en valeur des territoires, [&hellip;]<\/p>","protected":false},"featured_media":0,"template":"","categories":[49],"acf":[],"yoast_head":"<!-- This site is optimized with the Yoast SEO plugin v23.2 - https:\/\/yoast.com\/wordpress\/plugins\/seo\/ -->\n<title>De la biodiversit\u00e9 sous les lignes \u00e0 haute tension - For\u00eat.Nature<\/title>\n<meta name=\"robots\" content=\"index, follow, max-snippet:-1, max-image-preview:large, max-video-preview:-1\" \/>\n<link rel=\"canonical\" href=\"https:\/\/foretnature.be\/en\/article-foret-nature\/de-la-biodiversite-sous-les-lignes-a-haute-tension\/\" \/>\n<meta property=\"og:locale\" content=\"en_GB\" \/>\n<meta property=\"og:type\" content=\"article\" \/>\n<meta property=\"og:title\" content=\"De la biodiversit\u00e9 sous les lignes \u00e0 haute tension - For\u00eat.Nature\" \/>\n<meta property=\"og:description\" content=\"La politique de gestion durable men\u00e9e par Elia, la soci\u00e9t\u00e9 qui g\u00e8re le transport d\u2019\u00e9lectricit\u00e9 \u00e0 haute tension en Belgique, l\u2019am\u00e8ne \u00e0 d\u00e9velopper des projets d\u2019am\u00e9lioration des biotopes autour et sous ses infrastructures, en plaine et en for\u00eat. Les projets sont d\u00e9velopp\u00e9s en partenariat avec des associations actives dans la mise en valeur des territoires, [&hellip;]\" \/>\n<meta property=\"og:url\" content=\"https:\/\/foretnature.be\/en\/article-foret-nature\/de-la-biodiversite-sous-les-lignes-a-haute-tension\/\" \/>\n<meta property=\"og:site_name\" content=\"For\u00eat.Nature\" \/>\n<meta name=\"twitter:card\" content=\"summary_large_image\" \/>\n<meta name=\"twitter:label1\" content=\"Estimated reading time\" \/>\n\t<meta name=\"twitter:data1\" content=\"1 minute\" \/>\n<script type=\"application\/ld+json\" class=\"yoast-schema-graph\">{\"@context\":\"https:\/\/schema.org\",\"@graph\":[{\"@type\":\"WebPage\",\"@id\":\"https:\/\/foretnature.be\/article-foret-nature\/de-la-biodiversite-sous-les-lignes-a-haute-tension\/\",\"url\":\"https:\/\/foretnature.be\/article-foret-nature\/de-la-biodiversite-sous-les-lignes-a-haute-tension\/\",\"name\":\"De la biodiversit\u00e9 sous les lignes \u00e0 haute tension - For\u00eat.Nature\",\"isPartOf\":{\"@id\":\"https:\/\/foretnature.be\/en\/#website\"},\"datePublished\":\"2024-10-23T14:42:06+00:00\",\"dateModified\":\"2024-10-23T14:42:06+00:00\",\"breadcrumb\":{\"@id\":\"https:\/\/foretnature.be\/article-foret-nature\/de-la-biodiversite-sous-les-lignes-a-haute-tension\/#breadcrumb\"},\"inLanguage\":\"en-GB\",\"potentialAction\":[{\"@type\":\"ReadAction\",\"target\":[\"https:\/\/foretnature.be\/article-foret-nature\/de-la-biodiversite-sous-les-lignes-a-haute-tension\/\"]}]},{\"@type\":\"BreadcrumbList\",\"@id\":\"https:\/\/foretnature.be\/article-foret-nature\/de-la-biodiversite-sous-les-lignes-a-haute-tension\/#breadcrumb\",\"itemListElement\":[{\"@type\":\"ListItem\",\"position\":1,\"name\":\"Home\",\"item\":\"https:\/\/foretnature.be\/en\/\"},{\"@type\":\"ListItem\",\"position\":2,\"name\":\"De la biodiversit\u00e9 sous les lignes \u00e0 haute tension\"}]},{\"@type\":\"WebSite\",\"@id\":\"https:\/\/foretnature.be\/en\/#website\",\"url\":\"https:\/\/foretnature.be\/en\/\",\"name\":\"For\u00eat.Nature\",\"description\":\"Une \u00e9quipe technique au service de la for\u00eat\",\"publisher\":{\"@id\":\"https:\/\/foretnature.be\/en\/#organization\"},\"potentialAction\":[{\"@type\":\"SearchAction\",\"target\":{\"@type\":\"EntryPoint\",\"urlTemplate\":\"https:\/\/foretnature.be\/en\/?s={search_term_string}\"},\"query-input\":\"required name=search_term_string\"}],\"inLanguage\":\"en-GB\"},{\"@type\":\"Organization\",\"@id\":\"https:\/\/foretnature.be\/en\/#organization\",\"name\":\"For\u00eat.Nature\",\"url\":\"https:\/\/foretnature.be\/en\/\",\"logo\":{\"@type\":\"ImageObject\",\"inLanguage\":\"en-GB\",\"@id\":\"https:\/\/foretnature.be\/en\/#\/schema\/logo\/image\/\",\"url\":\"https:\/\/foretnature.be\/wp-content\/uploads\/2021\/01\/logoFOblanc.png\",\"contentUrl\":\"https:\/\/foretnature.be\/wp-content\/uploads\/2021\/01\/logoFOblanc.png\",\"width\":300,\"height\":151,\"caption\":\"For\u00eat.Nature\"},\"image\":{\"@id\":\"https:\/\/foretnature.be\/en\/#\/schema\/logo\/image\/\"}}]}<\/script>\n<!-- \/ Yoast SEO plugin. -->","yoast_head_json":{"title":"De la biodiversit\u00e9 sous les lignes \u00e0 haute tension - For\u00eat.Nature","robots":{"index":"index","follow":"follow","max-snippet":"max-snippet:-1","max-image-preview":"max-image-preview:large","max-video-preview":"max-video-preview:-1"},"canonical":"https:\/\/foretnature.be\/en\/article-foret-nature\/de-la-biodiversite-sous-les-lignes-a-haute-tension\/","og_locale":"en_GB","og_type":"article","og_title":"De la biodiversit\u00e9 sous les lignes \u00e0 haute tension - For\u00eat.Nature","og_description":"La politique de gestion durable men\u00e9e par Elia, la soci\u00e9t\u00e9 qui g\u00e8re le transport d\u2019\u00e9lectricit\u00e9 \u00e0 haute tension en Belgique, l\u2019am\u00e8ne \u00e0 d\u00e9velopper des projets d\u2019am\u00e9lioration des biotopes autour et sous ses infrastructures, en plaine et en for\u00eat. Les projets sont d\u00e9velopp\u00e9s en partenariat avec des associations actives dans la mise en valeur des territoires, [&hellip;]","og_url":"https:\/\/foretnature.be\/en\/article-foret-nature\/de-la-biodiversite-sous-les-lignes-a-haute-tension\/","og_site_name":"For\u00eat.Nature","twitter_card":"summary_large_image","twitter_misc":{"Estimated reading time":"1 minute"},"schema":{"@context":"https:\/\/schema.org","@graph":[{"@type":"WebPage","@id":"https:\/\/foretnature.be\/article-foret-nature\/de-la-biodiversite-sous-les-lignes-a-haute-tension\/","url":"https:\/\/foretnature.be\/article-foret-nature\/de-la-biodiversite-sous-les-lignes-a-haute-tension\/","name":"De la biodiversit\u00e9 sous les lignes \u00e0 haute tension - For\u00eat.Nature","isPartOf":{"@id":"https:\/\/foretnature.be\/en\/#website"},"datePublished":"2024-10-23T14:42:06+00:00","dateModified":"2024-10-23T14:42:06+00:00","breadcrumb":{"@id":"https:\/\/foretnature.be\/article-foret-nature\/de-la-biodiversite-sous-les-lignes-a-haute-tension\/#breadcrumb"},"inLanguage":"en-GB","potentialAction":[{"@type":"ReadAction","target":["https:\/\/foretnature.be\/article-foret-nature\/de-la-biodiversite-sous-les-lignes-a-haute-tension\/"]}]},{"@type":"BreadcrumbList","@id":"https:\/\/foretnature.be\/article-foret-nature\/de-la-biodiversite-sous-les-lignes-a-haute-tension\/#breadcrumb","itemListElement":[{"@type":"ListItem","position":1,"name":"Home","item":"https:\/\/foretnature.be\/en\/"},{"@type":"ListItem","position":2,"name":"De la biodiversit\u00e9 sous les lignes \u00e0 haute tension"}]},{"@type":"WebSite","@id":"https:\/\/foretnature.be\/en\/#website","url":"https:\/\/foretnature.be\/en\/","name":"For\u00eat.Nature","description":"Une \u00e9quipe technique au service de la for\u00eat","publisher":{"@id":"https:\/\/foretnature.be\/en\/#organization"},"potentialAction":[{"@type":"SearchAction","target":{"@type":"EntryPoint","urlTemplate":"https:\/\/foretnature.be\/en\/?s={search_term_string}"},"query-input":"required name=search_term_string"}],"inLanguage":"en-GB"},{"@type":"Organization","@id":"https:\/\/foretnature.be\/en\/#organization","name":"For\u00eat.Nature","url":"https:\/\/foretnature.be\/en\/","logo":{"@type":"ImageObject","inLanguage":"en-GB","@id":"https:\/\/foretnature.be\/en\/#\/schema\/logo\/image\/","url":"https:\/\/foretnature.be\/wp-content\/uploads\/2021\/01\/logoFOblanc.png","contentUrl":"https:\/\/foretnature.be\/wp-content\/uploads\/2021\/01\/logoFOblanc.png","width":300,"height":151,"caption":"For\u00eat.Nature"},"image":{"@id":"https:\/\/foretnature.be\/en\/#\/schema\/logo\/image\/"}}]}},"_links":{"self":[{"href":"https:\/\/foretnature.be\/en\/wp-json\/wp\/v2\/article-foret-nature\/44276"}],"collection":[{"href":"https:\/\/foretnature.be\/en\/wp-json\/wp\/v2\/article-foret-nature"}],"about":[{"href":"https:\/\/foretnature.be\/en\/wp-json\/wp\/v2\/types\/article-foret-nature"}],"wp:attachment":[{"href":"https:\/\/foretnature.be\/en\/wp-json\/wp\/v2\/media?parent=44276"}],"wp:term":[{"taxonomy":"category","embeddable":true,"href":"https:\/\/foretnature.be\/en\/wp-json\/wp\/v2\/categories?post=44276"}],"curies":[{"name":"wp","href":"https:\/\/api.w.org\/{rel}","templated":true}]}}