{"id":44275,"date":"2024-10-23T16:42:05","date_gmt":"2024-10-23T14:42:05","guid":{"rendered":"https:\/\/foretnature.be\/?post_type=article-foret-nature&#038;p=44275"},"modified":"2024-10-23T16:42:05","modified_gmt":"2024-10-23T14:42:05","slug":"limpact-des-maladies-sur-le-declin-des-populations-de-lievres-en-region-wallonne","status":"publish","type":"article-foret-nature","link":"https:\/\/foretnature.be\/en\/article-foret-nature\/limpact-des-maladies-sur-le-declin-des-populations-de-lievres-en-region-wallonne\/","title":{"rendered":"L\u2019impact des maladies sur le d\u00e9clin des populations de li\u00e8vres en R\u00e9gion wallonne"},"content":{"rendered":"<p>La question du r\u00f4le des maladies est souvent \u00e9voqu\u00e9e dans le cadre du d\u00e9clin des populations de li\u00e8vres en Wallonie. Depuis 2003, le R\u00e9seau de Surveillance sanitaire de la Faune sauvage collecte et analyse les li\u00e8vres trouv\u00e9s morts ou achev\u00e9s pour cause de maladie. Les li\u00e8vres sont achemin\u00e9s (par les chasseurs et autres acteurs de terrain) \u00e0 la Facult\u00e9 de M\u00e9decine v\u00e9t\u00e9rinaire de Li\u00e8ge pour analyses. Chaque ann\u00e9e, le R\u00e9seau analyse une trentaine de li\u00e8vres et des tendances peuvent \u00eatre observ\u00e9es. Les causes de mortalit\u00e9 mises en \u00e9vidence lors des analyses (autopsies) sont vari\u00e9es et les mortalit\u00e9s dues \u00e0 un agent biologique (infectieux ou parasitaire) repr\u00e9sentent 68 % des cas. Les principales maladies infectieuses et parasitaires touchant le li\u00e8vre en R\u00e9gion wallonne sont la coccidiose intestinale (un protozoaire parasite), le syndrome du li\u00e8vre brun europ\u00e9en (h\u00e9patite virale du li\u00e8vre ou \u00ab EBHS \u00bb pour European Brown Hare Syndrome), la pseudotuberculose (bact\u00e9rie), la pasteurellose (bact\u00e9rie) et la tular\u00e9mie (bact\u00e9rie). Certaines maladies, tel que le virus de l\u2019EBHS, jouent ind\u00e9niablement un r\u00f4le n\u00e9gatif sur les populations d\u00e9j\u00e0 affaiblies par la d\u00e9gradation du biotope et le morcellement du territoire. Les causes toxiques, notamment phytosanitaires, sont difficilement \u00e9valu\u00e9es et le R\u00e9seau n\u2019a jusqu\u2019\u00e0 pr\u00e9sent pas mis en \u00e9vidence de lien entre les l\u00e9sions observ\u00e9es \u00e0 l\u2019autopsie et une \u00e9ventuelle intoxication aigu\u00eb. En conclusion, l\u2019auteur rappelle que les li\u00e8vres trouv\u00e9s morts sont une source pr\u00e9cieuse d\u2019informations pour les gestionnaires de chasse. Les agents pathog\u00e8nes ne sont pas \u00e0 eux seuls la cause du d\u00e9clin des populations de li\u00e8vres et repr\u00e9sentent plut\u00f4t un facteur secondaire aggravant. Le suivi des agents infectieux reste primordial pour comprendre l\u2019impact r\u00e9el des maladies dans la probl\u00e9matique du d\u00e9clin des populations de li\u00e8vres. [C.S.]<\/p>","protected":false},"excerpt":{"rendered":"<p>La question du r\u00f4le des maladies est souvent \u00e9voqu\u00e9e dans le cadre du d\u00e9clin des populations de li\u00e8vres en Wallonie. Depuis 2003, le R\u00e9seau de Surveillance sanitaire de la Faune sauvage collecte et analyse les li\u00e8vres trouv\u00e9s morts ou achev\u00e9s pour cause de maladie. Les li\u00e8vres sont achemin\u00e9s (par les chasseurs et autres acteurs de [&hellip;]<\/p>","protected":false},"featured_media":0,"template":"","categories":[49],"acf":[],"yoast_head":"<!-- This site is optimized with the Yoast SEO plugin v23.2 - https:\/\/yoast.com\/wordpress\/plugins\/seo\/ -->\n<title>L\u2019impact des maladies sur le d\u00e9clin des populations de li\u00e8vres en R\u00e9gion wallonne - For\u00eat.Nature<\/title>\n<meta name=\"robots\" content=\"index, follow, max-snippet:-1, max-image-preview:large, max-video-preview:-1\" \/>\n<link rel=\"canonical\" href=\"https:\/\/foretnature.be\/en\/article-foret-nature\/limpact-des-maladies-sur-le-declin-des-populations-de-lievres-en-region-wallonne\/\" \/>\n<meta property=\"og:locale\" content=\"en_GB\" \/>\n<meta property=\"og:type\" content=\"article\" \/>\n<meta property=\"og:title\" content=\"L\u2019impact des maladies sur le d\u00e9clin des populations de li\u00e8vres en R\u00e9gion wallonne - For\u00eat.Nature\" \/>\n<meta property=\"og:description\" content=\"La question du r\u00f4le des maladies est souvent \u00e9voqu\u00e9e dans le cadre du d\u00e9clin des populations de li\u00e8vres en Wallonie. Depuis 2003, le R\u00e9seau de Surveillance sanitaire de la Faune sauvage collecte et analyse les li\u00e8vres trouv\u00e9s morts ou achev\u00e9s pour cause de maladie. Les li\u00e8vres sont achemin\u00e9s (par les chasseurs et autres acteurs de [&hellip;]\" \/>\n<meta property=\"og:url\" content=\"https:\/\/foretnature.be\/en\/article-foret-nature\/limpact-des-maladies-sur-le-declin-des-populations-de-lievres-en-region-wallonne\/\" \/>\n<meta property=\"og:site_name\" content=\"For\u00eat.Nature\" \/>\n<meta name=\"twitter:card\" content=\"summary_large_image\" \/>\n<meta name=\"twitter:label1\" content=\"Estimated reading time\" \/>\n\t<meta name=\"twitter:data1\" content=\"2 minutes\" \/>\n<script type=\"application\/ld+json\" class=\"yoast-schema-graph\">{\"@context\":\"https:\/\/schema.org\",\"@graph\":[{\"@type\":\"WebPage\",\"@id\":\"https:\/\/foretnature.be\/article-foret-nature\/limpact-des-maladies-sur-le-declin-des-populations-de-lievres-en-region-wallonne\/\",\"url\":\"https:\/\/foretnature.be\/article-foret-nature\/limpact-des-maladies-sur-le-declin-des-populations-de-lievres-en-region-wallonne\/\",\"name\":\"L\u2019impact des maladies sur le d\u00e9clin des populations de li\u00e8vres en R\u00e9gion wallonne - For\u00eat.Nature\",\"isPartOf\":{\"@id\":\"https:\/\/foretnature.be\/en\/#website\"},\"datePublished\":\"2024-10-23T14:42:05+00:00\",\"dateModified\":\"2024-10-23T14:42:05+00:00\",\"breadcrumb\":{\"@id\":\"https:\/\/foretnature.be\/article-foret-nature\/limpact-des-maladies-sur-le-declin-des-populations-de-lievres-en-region-wallonne\/#breadcrumb\"},\"inLanguage\":\"en-GB\",\"potentialAction\":[{\"@type\":\"ReadAction\",\"target\":[\"https:\/\/foretnature.be\/article-foret-nature\/limpact-des-maladies-sur-le-declin-des-populations-de-lievres-en-region-wallonne\/\"]}]},{\"@type\":\"BreadcrumbList\",\"@id\":\"https:\/\/foretnature.be\/article-foret-nature\/limpact-des-maladies-sur-le-declin-des-populations-de-lievres-en-region-wallonne\/#breadcrumb\",\"itemListElement\":[{\"@type\":\"ListItem\",\"position\":1,\"name\":\"Home\",\"item\":\"https:\/\/foretnature.be\/en\/\"},{\"@type\":\"ListItem\",\"position\":2,\"name\":\"L\u2019impact des maladies sur le d\u00e9clin des populations de li\u00e8vres en R\u00e9gion wallonne\"}]},{\"@type\":\"WebSite\",\"@id\":\"https:\/\/foretnature.be\/en\/#website\",\"url\":\"https:\/\/foretnature.be\/en\/\",\"name\":\"For\u00eat.Nature\",\"description\":\"Une \u00e9quipe technique au service de la for\u00eat\",\"publisher\":{\"@id\":\"https:\/\/foretnature.be\/en\/#organization\"},\"potentialAction\":[{\"@type\":\"SearchAction\",\"target\":{\"@type\":\"EntryPoint\",\"urlTemplate\":\"https:\/\/foretnature.be\/en\/?s={search_term_string}\"},\"query-input\":\"required name=search_term_string\"}],\"inLanguage\":\"en-GB\"},{\"@type\":\"Organization\",\"@id\":\"https:\/\/foretnature.be\/en\/#organization\",\"name\":\"For\u00eat.Nature\",\"url\":\"https:\/\/foretnature.be\/en\/\",\"logo\":{\"@type\":\"ImageObject\",\"inLanguage\":\"en-GB\",\"@id\":\"https:\/\/foretnature.be\/en\/#\/schema\/logo\/image\/\",\"url\":\"https:\/\/foretnature.be\/wp-content\/uploads\/2021\/01\/logoFOblanc.png\",\"contentUrl\":\"https:\/\/foretnature.be\/wp-content\/uploads\/2021\/01\/logoFOblanc.png\",\"width\":300,\"height\":151,\"caption\":\"For\u00eat.Nature\"},\"image\":{\"@id\":\"https:\/\/foretnature.be\/en\/#\/schema\/logo\/image\/\"}}]}<\/script>\n<!-- \/ Yoast SEO plugin. -->","yoast_head_json":{"title":"L\u2019impact des maladies sur le d\u00e9clin des populations de li\u00e8vres en R\u00e9gion wallonne - For\u00eat.Nature","robots":{"index":"index","follow":"follow","max-snippet":"max-snippet:-1","max-image-preview":"max-image-preview:large","max-video-preview":"max-video-preview:-1"},"canonical":"https:\/\/foretnature.be\/en\/article-foret-nature\/limpact-des-maladies-sur-le-declin-des-populations-de-lievres-en-region-wallonne\/","og_locale":"en_GB","og_type":"article","og_title":"L\u2019impact des maladies sur le d\u00e9clin des populations de li\u00e8vres en R\u00e9gion wallonne - For\u00eat.Nature","og_description":"La question du r\u00f4le des maladies est souvent \u00e9voqu\u00e9e dans le cadre du d\u00e9clin des populations de li\u00e8vres en Wallonie. Depuis 2003, le R\u00e9seau de Surveillance sanitaire de la Faune sauvage collecte et analyse les li\u00e8vres trouv\u00e9s morts ou achev\u00e9s pour cause de maladie. Les li\u00e8vres sont achemin\u00e9s (par les chasseurs et autres acteurs de [&hellip;]","og_url":"https:\/\/foretnature.be\/en\/article-foret-nature\/limpact-des-maladies-sur-le-declin-des-populations-de-lievres-en-region-wallonne\/","og_site_name":"For\u00eat.Nature","twitter_card":"summary_large_image","twitter_misc":{"Estimated reading time":"2 minutes"},"schema":{"@context":"https:\/\/schema.org","@graph":[{"@type":"WebPage","@id":"https:\/\/foretnature.be\/article-foret-nature\/limpact-des-maladies-sur-le-declin-des-populations-de-lievres-en-region-wallonne\/","url":"https:\/\/foretnature.be\/article-foret-nature\/limpact-des-maladies-sur-le-declin-des-populations-de-lievres-en-region-wallonne\/","name":"L\u2019impact des maladies sur le d\u00e9clin des populations de li\u00e8vres en R\u00e9gion wallonne - For\u00eat.Nature","isPartOf":{"@id":"https:\/\/foretnature.be\/en\/#website"},"datePublished":"2024-10-23T14:42:05+00:00","dateModified":"2024-10-23T14:42:05+00:00","breadcrumb":{"@id":"https:\/\/foretnature.be\/article-foret-nature\/limpact-des-maladies-sur-le-declin-des-populations-de-lievres-en-region-wallonne\/#breadcrumb"},"inLanguage":"en-GB","potentialAction":[{"@type":"ReadAction","target":["https:\/\/foretnature.be\/article-foret-nature\/limpact-des-maladies-sur-le-declin-des-populations-de-lievres-en-region-wallonne\/"]}]},{"@type":"BreadcrumbList","@id":"https:\/\/foretnature.be\/article-foret-nature\/limpact-des-maladies-sur-le-declin-des-populations-de-lievres-en-region-wallonne\/#breadcrumb","itemListElement":[{"@type":"ListItem","position":1,"name":"Home","item":"https:\/\/foretnature.be\/en\/"},{"@type":"ListItem","position":2,"name":"L\u2019impact des maladies sur le d\u00e9clin des populations de li\u00e8vres en R\u00e9gion wallonne"}]},{"@type":"WebSite","@id":"https:\/\/foretnature.be\/en\/#website","url":"https:\/\/foretnature.be\/en\/","name":"For\u00eat.Nature","description":"Une \u00e9quipe technique au service de la for\u00eat","publisher":{"@id":"https:\/\/foretnature.be\/en\/#organization"},"potentialAction":[{"@type":"SearchAction","target":{"@type":"EntryPoint","urlTemplate":"https:\/\/foretnature.be\/en\/?s={search_term_string}"},"query-input":"required name=search_term_string"}],"inLanguage":"en-GB"},{"@type":"Organization","@id":"https:\/\/foretnature.be\/en\/#organization","name":"For\u00eat.Nature","url":"https:\/\/foretnature.be\/en\/","logo":{"@type":"ImageObject","inLanguage":"en-GB","@id":"https:\/\/foretnature.be\/en\/#\/schema\/logo\/image\/","url":"https:\/\/foretnature.be\/wp-content\/uploads\/2021\/01\/logoFOblanc.png","contentUrl":"https:\/\/foretnature.be\/wp-content\/uploads\/2021\/01\/logoFOblanc.png","width":300,"height":151,"caption":"For\u00eat.Nature"},"image":{"@id":"https:\/\/foretnature.be\/en\/#\/schema\/logo\/image\/"}}]}},"_links":{"self":[{"href":"https:\/\/foretnature.be\/en\/wp-json\/wp\/v2\/article-foret-nature\/44275"}],"collection":[{"href":"https:\/\/foretnature.be\/en\/wp-json\/wp\/v2\/article-foret-nature"}],"about":[{"href":"https:\/\/foretnature.be\/en\/wp-json\/wp\/v2\/types\/article-foret-nature"}],"wp:attachment":[{"href":"https:\/\/foretnature.be\/en\/wp-json\/wp\/v2\/media?parent=44275"}],"wp:term":[{"taxonomy":"category","embeddable":true,"href":"https:\/\/foretnature.be\/en\/wp-json\/wp\/v2\/categories?post=44275"}],"curies":[{"name":"wp","href":"https:\/\/api.w.org\/{rel}","templated":true}]}}