{"id":44274,"date":"2024-10-23T16:42:04","date_gmt":"2024-10-23T14:42:04","guid":{"rendered":"https:\/\/foretnature.be\/?post_type=article-foret-nature&#038;p=44274"},"modified":"2024-10-23T16:42:04","modified_gmt":"2024-10-23T14:42:04","slug":"le-lievre-sur-la-meme-pente-demographique-que-la-perdrix","status":"publish","type":"article-foret-nature","link":"https:\/\/foretnature.be\/en\/article-foret-nature\/le-lievre-sur-la-meme-pente-demographique-que-la-perdrix\/","title":{"rendered":"Le li\u00e8vre sur la m\u00eame pente d\u00e9mographique que la perdrix ?"},"content":{"rendered":"<p>La diminution des populations de li\u00e8vre sur le territoire wallon inqui\u00e8te. Le suivi des statistiques de tir montre un d\u00e9clin de 24 % des pr\u00e9l\u00e8vements \u00e0 l\u2019\u00e9chelle de la R\u00e9gion entre les p\u00e9riodes 1999-2006 et 2007-2010. On observe toutefois de fortes disparit\u00e9s entre les diff\u00e9rents conseils cyn\u00e9g\u00e9tiques concern\u00e9s. Ainsi, les pr\u00e9l\u00e8vements sont fort variables entre l\u2019ouest et l\u2019est de la Wallonie. Les pistes avanc\u00e9es afin d\u2019expliquer ce d\u00e9clin des populations sont multiples : exc\u00e8s de pression de chasse dans certains territoires et absence de concertation avec les conseils voisins ; augmentation de la pr\u00e9dation ; appauvrissement des habitats et diminution des ressources alimentaires ; pathologies ; effet direct ou indirect des produits phytosanitaires, exacerb\u00e9s par l\u2019extension de certaines monocultures. En l\u2019absence de connaissances pr\u00e9cises sur l\u2019effet des diff\u00e9rentes pistes avanc\u00e9es, plusieurs recommandations peuvent \u00eatre adress\u00e9es aux acteurs concern\u00e9s. En premier lieu, pour les chasseurs : mener une gestion concert\u00e9e entre voisins et d\u00e9finir une politique commune de chasse et de pr\u00e9l\u00e8vements ; \u00eatre attentif au d\u00e9pistage de maladies. En deuxi\u00e8me lieu, pour les agriculteurs : adh\u00e9rer au programme de mesures agri-environnementales (MAE) et installer des couverts faunistiques ; \u00eatre attentif \u00e0 la toxicit\u00e9 potentielle de certains produits phytosanitaires. Enfin, pour les d\u00e9cideurs : simplifier la proc\u00e9dure administrative pour le contr\u00f4le des pr\u00e9dateurs et envisager de nouvelles possibilit\u00e9s de lutte ; assurer une information et une sensibilisation pour la prise en compte de la biodiversit\u00e9 dans les grandes plaines cultiv\u00e9es ; veiller \u00e0 l\u2019application de la l\u00e9gislation en vigueur afin d\u2019inciter au respect de la biodiversit\u00e9. [S.P.]<\/p>","protected":false},"excerpt":{"rendered":"<p>La diminution des populations de li\u00e8vre sur le territoire wallon inqui\u00e8te. Le suivi des statistiques de tir montre un d\u00e9clin de 24 % des pr\u00e9l\u00e8vements \u00e0 l\u2019\u00e9chelle de la R\u00e9gion entre les p\u00e9riodes 1999-2006 et 2007-2010. On observe toutefois de fortes disparit\u00e9s entre les diff\u00e9rents conseils cyn\u00e9g\u00e9tiques concern\u00e9s. Ainsi, les pr\u00e9l\u00e8vements sont fort variables entre [&hellip;]<\/p>","protected":false},"featured_media":0,"template":"","categories":[49],"acf":[],"yoast_head":"<!-- This site is optimized with the Yoast SEO plugin v23.2 - https:\/\/yoast.com\/wordpress\/plugins\/seo\/ -->\n<title>Le li\u00e8vre sur la m\u00eame pente d\u00e9mographique que la perdrix ? - For\u00eat.Nature<\/title>\n<meta name=\"robots\" content=\"index, follow, max-snippet:-1, max-image-preview:large, max-video-preview:-1\" \/>\n<link rel=\"canonical\" href=\"https:\/\/foretnature.be\/en\/article-foret-nature\/le-lievre-sur-la-meme-pente-demographique-que-la-perdrix\/\" \/>\n<meta property=\"og:locale\" content=\"en_GB\" \/>\n<meta property=\"og:type\" content=\"article\" \/>\n<meta property=\"og:title\" content=\"Le li\u00e8vre sur la m\u00eame pente d\u00e9mographique que la perdrix ? - For\u00eat.Nature\" \/>\n<meta property=\"og:description\" content=\"La diminution des populations de li\u00e8vre sur le territoire wallon inqui\u00e8te. Le suivi des statistiques de tir montre un d\u00e9clin de 24 % des pr\u00e9l\u00e8vements \u00e0 l\u2019\u00e9chelle de la R\u00e9gion entre les p\u00e9riodes 1999-2006 et 2007-2010. On observe toutefois de fortes disparit\u00e9s entre les diff\u00e9rents conseils cyn\u00e9g\u00e9tiques concern\u00e9s. Ainsi, les pr\u00e9l\u00e8vements sont fort variables entre [&hellip;]\" \/>\n<meta property=\"og:url\" content=\"https:\/\/foretnature.be\/en\/article-foret-nature\/le-lievre-sur-la-meme-pente-demographique-que-la-perdrix\/\" \/>\n<meta property=\"og:site_name\" content=\"For\u00eat.Nature\" \/>\n<meta name=\"twitter:card\" content=\"summary_large_image\" \/>\n<meta name=\"twitter:label1\" content=\"Estimated reading time\" \/>\n\t<meta name=\"twitter:data1\" content=\"1 minute\" \/>\n<script type=\"application\/ld+json\" class=\"yoast-schema-graph\">{\"@context\":\"https:\/\/schema.org\",\"@graph\":[{\"@type\":\"WebPage\",\"@id\":\"https:\/\/foretnature.be\/article-foret-nature\/le-lievre-sur-la-meme-pente-demographique-que-la-perdrix\/\",\"url\":\"https:\/\/foretnature.be\/article-foret-nature\/le-lievre-sur-la-meme-pente-demographique-que-la-perdrix\/\",\"name\":\"Le li\u00e8vre sur la m\u00eame pente d\u00e9mographique que la perdrix ? - For\u00eat.Nature\",\"isPartOf\":{\"@id\":\"https:\/\/foretnature.be\/en\/#website\"},\"datePublished\":\"2024-10-23T14:42:04+00:00\",\"dateModified\":\"2024-10-23T14:42:04+00:00\",\"breadcrumb\":{\"@id\":\"https:\/\/foretnature.be\/article-foret-nature\/le-lievre-sur-la-meme-pente-demographique-que-la-perdrix\/#breadcrumb\"},\"inLanguage\":\"en-GB\",\"potentialAction\":[{\"@type\":\"ReadAction\",\"target\":[\"https:\/\/foretnature.be\/article-foret-nature\/le-lievre-sur-la-meme-pente-demographique-que-la-perdrix\/\"]}]},{\"@type\":\"BreadcrumbList\",\"@id\":\"https:\/\/foretnature.be\/article-foret-nature\/le-lievre-sur-la-meme-pente-demographique-que-la-perdrix\/#breadcrumb\",\"itemListElement\":[{\"@type\":\"ListItem\",\"position\":1,\"name\":\"Home\",\"item\":\"https:\/\/foretnature.be\/en\/\"},{\"@type\":\"ListItem\",\"position\":2,\"name\":\"Le li\u00e8vre sur la m\u00eame pente d\u00e9mographique que la perdrix ?\"}]},{\"@type\":\"WebSite\",\"@id\":\"https:\/\/foretnature.be\/en\/#website\",\"url\":\"https:\/\/foretnature.be\/en\/\",\"name\":\"For\u00eat.Nature\",\"description\":\"Une \u00e9quipe technique au service de la for\u00eat\",\"publisher\":{\"@id\":\"https:\/\/foretnature.be\/en\/#organization\"},\"potentialAction\":[{\"@type\":\"SearchAction\",\"target\":{\"@type\":\"EntryPoint\",\"urlTemplate\":\"https:\/\/foretnature.be\/en\/?s={search_term_string}\"},\"query-input\":\"required name=search_term_string\"}],\"inLanguage\":\"en-GB\"},{\"@type\":\"Organization\",\"@id\":\"https:\/\/foretnature.be\/en\/#organization\",\"name\":\"For\u00eat.Nature\",\"url\":\"https:\/\/foretnature.be\/en\/\",\"logo\":{\"@type\":\"ImageObject\",\"inLanguage\":\"en-GB\",\"@id\":\"https:\/\/foretnature.be\/en\/#\/schema\/logo\/image\/\",\"url\":\"https:\/\/foretnature.be\/wp-content\/uploads\/2021\/01\/logoFOblanc.png\",\"contentUrl\":\"https:\/\/foretnature.be\/wp-content\/uploads\/2021\/01\/logoFOblanc.png\",\"width\":300,\"height\":151,\"caption\":\"For\u00eat.Nature\"},\"image\":{\"@id\":\"https:\/\/foretnature.be\/en\/#\/schema\/logo\/image\/\"}}]}<\/script>\n<!-- \/ Yoast SEO plugin. -->","yoast_head_json":{"title":"Le li\u00e8vre sur la m\u00eame pente d\u00e9mographique que la perdrix ? - For\u00eat.Nature","robots":{"index":"index","follow":"follow","max-snippet":"max-snippet:-1","max-image-preview":"max-image-preview:large","max-video-preview":"max-video-preview:-1"},"canonical":"https:\/\/foretnature.be\/en\/article-foret-nature\/le-lievre-sur-la-meme-pente-demographique-que-la-perdrix\/","og_locale":"en_GB","og_type":"article","og_title":"Le li\u00e8vre sur la m\u00eame pente d\u00e9mographique que la perdrix ? - For\u00eat.Nature","og_description":"La diminution des populations de li\u00e8vre sur le territoire wallon inqui\u00e8te. Le suivi des statistiques de tir montre un d\u00e9clin de 24 % des pr\u00e9l\u00e8vements \u00e0 l\u2019\u00e9chelle de la R\u00e9gion entre les p\u00e9riodes 1999-2006 et 2007-2010. On observe toutefois de fortes disparit\u00e9s entre les diff\u00e9rents conseils cyn\u00e9g\u00e9tiques concern\u00e9s. Ainsi, les pr\u00e9l\u00e8vements sont fort variables entre [&hellip;]","og_url":"https:\/\/foretnature.be\/en\/article-foret-nature\/le-lievre-sur-la-meme-pente-demographique-que-la-perdrix\/","og_site_name":"For\u00eat.Nature","twitter_card":"summary_large_image","twitter_misc":{"Estimated reading time":"1 minute"},"schema":{"@context":"https:\/\/schema.org","@graph":[{"@type":"WebPage","@id":"https:\/\/foretnature.be\/article-foret-nature\/le-lievre-sur-la-meme-pente-demographique-que-la-perdrix\/","url":"https:\/\/foretnature.be\/article-foret-nature\/le-lievre-sur-la-meme-pente-demographique-que-la-perdrix\/","name":"Le li\u00e8vre sur la m\u00eame pente d\u00e9mographique que la perdrix ? - For\u00eat.Nature","isPartOf":{"@id":"https:\/\/foretnature.be\/en\/#website"},"datePublished":"2024-10-23T14:42:04+00:00","dateModified":"2024-10-23T14:42:04+00:00","breadcrumb":{"@id":"https:\/\/foretnature.be\/article-foret-nature\/le-lievre-sur-la-meme-pente-demographique-que-la-perdrix\/#breadcrumb"},"inLanguage":"en-GB","potentialAction":[{"@type":"ReadAction","target":["https:\/\/foretnature.be\/article-foret-nature\/le-lievre-sur-la-meme-pente-demographique-que-la-perdrix\/"]}]},{"@type":"BreadcrumbList","@id":"https:\/\/foretnature.be\/article-foret-nature\/le-lievre-sur-la-meme-pente-demographique-que-la-perdrix\/#breadcrumb","itemListElement":[{"@type":"ListItem","position":1,"name":"Home","item":"https:\/\/foretnature.be\/en\/"},{"@type":"ListItem","position":2,"name":"Le li\u00e8vre sur la m\u00eame pente d\u00e9mographique que la perdrix ?"}]},{"@type":"WebSite","@id":"https:\/\/foretnature.be\/en\/#website","url":"https:\/\/foretnature.be\/en\/","name":"For\u00eat.Nature","description":"Une \u00e9quipe technique au service de la for\u00eat","publisher":{"@id":"https:\/\/foretnature.be\/en\/#organization"},"potentialAction":[{"@type":"SearchAction","target":{"@type":"EntryPoint","urlTemplate":"https:\/\/foretnature.be\/en\/?s={search_term_string}"},"query-input":"required name=search_term_string"}],"inLanguage":"en-GB"},{"@type":"Organization","@id":"https:\/\/foretnature.be\/en\/#organization","name":"For\u00eat.Nature","url":"https:\/\/foretnature.be\/en\/","logo":{"@type":"ImageObject","inLanguage":"en-GB","@id":"https:\/\/foretnature.be\/en\/#\/schema\/logo\/image\/","url":"https:\/\/foretnature.be\/wp-content\/uploads\/2021\/01\/logoFOblanc.png","contentUrl":"https:\/\/foretnature.be\/wp-content\/uploads\/2021\/01\/logoFOblanc.png","width":300,"height":151,"caption":"For\u00eat.Nature"},"image":{"@id":"https:\/\/foretnature.be\/en\/#\/schema\/logo\/image\/"}}]}},"_links":{"self":[{"href":"https:\/\/foretnature.be\/en\/wp-json\/wp\/v2\/article-foret-nature\/44274"}],"collection":[{"href":"https:\/\/foretnature.be\/en\/wp-json\/wp\/v2\/article-foret-nature"}],"about":[{"href":"https:\/\/foretnature.be\/en\/wp-json\/wp\/v2\/types\/article-foret-nature"}],"wp:attachment":[{"href":"https:\/\/foretnature.be\/en\/wp-json\/wp\/v2\/media?parent=44274"}],"wp:term":[{"taxonomy":"category","embeddable":true,"href":"https:\/\/foretnature.be\/en\/wp-json\/wp\/v2\/categories?post=44274"}],"curies":[{"name":"wp","href":"https:\/\/api.w.org\/{rel}","templated":true}]}}