{"id":44216,"date":"2024-10-23T16:41:21","date_gmt":"2024-10-23T14:41:21","guid":{"rendered":"https:\/\/foretnature.be\/?post_type=article-foret-nature&#038;p=44216"},"modified":"2024-10-23T16:41:21","modified_gmt":"2024-10-23T14:41:21","slug":"lobservatoire-wallon-de-la-sante-des-forets","status":"publish","type":"article-foret-nature","link":"https:\/\/foretnature.be\/en\/article-foret-nature\/lobservatoire-wallon-de-la-sante-des-forets\/","title":{"rendered":"L\u2019observatoire wallon de la sant\u00e9 des for\u00eats"},"content":{"rendered":"<p>Face aux perturbations de tous genres auxquelles sont soumises nos for\u00eats, la n\u00e9cessit\u00e9 de leur suivi s\u2019est peu \u00e0 peu impos\u00e9e. L\u2019Observatoire wallon de la sant\u00e9 des for\u00eats est ainsi n\u00e9. Bas\u00e9 sur un r\u00e9seau de placettes et d\u2019observateurs, il est coordonn\u00e9 par le D\u00e9partement de l\u2019\u00e9tude du milieu naturel et agricole (DEMNA) en concertation avec le D\u00e9partement de la nature et des for\u00eats (DNF).<\/p>","protected":false},"excerpt":{"rendered":"<p>Face aux perturbations de tous genres auxquelles sont soumises nos for\u00eats, la n\u00e9cessit\u00e9 de leur suivi s\u2019est peu \u00e0 peu impos\u00e9e. L\u2019Observatoire wallon de la sant\u00e9 des for\u00eats est ainsi n\u00e9. Bas\u00e9 sur un r\u00e9seau de placettes et d\u2019observateurs, il est coordonn\u00e9 par le D\u00e9partement de l\u2019\u00e9tude du milieu naturel et agricole (DEMNA) en concertation [&hellip;]<\/p>","protected":false},"featured_media":0,"template":"","categories":[49],"acf":[],"yoast_head":"<!-- This site is optimized with the Yoast SEO plugin v23.2 - https:\/\/yoast.com\/wordpress\/plugins\/seo\/ -->\n<title>L\u2019observatoire wallon de la sant\u00e9 des for\u00eats - For\u00eat.Nature<\/title>\n<meta name=\"robots\" content=\"index, follow, max-snippet:-1, max-image-preview:large, max-video-preview:-1\" \/>\n<link rel=\"canonical\" href=\"https:\/\/foretnature.be\/en\/article-foret-nature\/lobservatoire-wallon-de-la-sante-des-forets\/\" \/>\n<meta property=\"og:locale\" content=\"en_GB\" \/>\n<meta property=\"og:type\" content=\"article\" \/>\n<meta property=\"og:title\" content=\"L\u2019observatoire wallon de la sant\u00e9 des for\u00eats - For\u00eat.Nature\" \/>\n<meta property=\"og:description\" content=\"Face aux perturbations de tous genres auxquelles sont soumises nos for\u00eats, la n\u00e9cessit\u00e9 de leur suivi s\u2019est peu \u00e0 peu impos\u00e9e. L\u2019Observatoire wallon de la sant\u00e9 des for\u00eats est ainsi n\u00e9. Bas\u00e9 sur un r\u00e9seau de placettes et d\u2019observateurs, il est coordonn\u00e9 par le D\u00e9partement de l\u2019\u00e9tude du milieu naturel et agricole (DEMNA) en concertation [&hellip;]\" \/>\n<meta property=\"og:url\" content=\"https:\/\/foretnature.be\/en\/article-foret-nature\/lobservatoire-wallon-de-la-sante-des-forets\/\" \/>\n<meta property=\"og:site_name\" content=\"For\u00eat.Nature\" \/>\n<meta name=\"twitter:card\" content=\"summary_large_image\" \/>\n<script type=\"application\/ld+json\" class=\"yoast-schema-graph\">{\"@context\":\"https:\/\/schema.org\",\"@graph\":[{\"@type\":\"WebPage\",\"@id\":\"https:\/\/foretnature.be\/en\/article-foret-nature\/lobservatoire-wallon-de-la-sante-des-forets\/\",\"url\":\"https:\/\/foretnature.be\/en\/article-foret-nature\/lobservatoire-wallon-de-la-sante-des-forets\/\",\"name\":\"L\u2019observatoire wallon de la sant\u00e9 des for\u00eats - For\u00eat.Nature\",\"isPartOf\":{\"@id\":\"https:\/\/foretnature.be\/#website\"},\"datePublished\":\"2024-10-23T14:41:21+00:00\",\"dateModified\":\"2024-10-23T14:41:21+00:00\",\"breadcrumb\":{\"@id\":\"https:\/\/foretnature.be\/en\/article-foret-nature\/lobservatoire-wallon-de-la-sante-des-forets\/#breadcrumb\"},\"inLanguage\":\"en-GB\",\"potentialAction\":[{\"@type\":\"ReadAction\",\"target\":[\"https:\/\/foretnature.be\/en\/article-foret-nature\/lobservatoire-wallon-de-la-sante-des-forets\/\"]}]},{\"@type\":\"BreadcrumbList\",\"@id\":\"https:\/\/foretnature.be\/en\/article-foret-nature\/lobservatoire-wallon-de-la-sante-des-forets\/#breadcrumb\",\"itemListElement\":[{\"@type\":\"ListItem\",\"position\":1,\"name\":\"Home\",\"item\":\"https:\/\/foretnature.be\/\"},{\"@type\":\"ListItem\",\"position\":2,\"name\":\"L\u2019observatoire wallon de la sant\u00e9 des for\u00eats\"}]},{\"@type\":\"WebSite\",\"@id\":\"https:\/\/foretnature.be\/#website\",\"url\":\"https:\/\/foretnature.be\/\",\"name\":\"For\u00eat.Nature\",\"description\":\"Une \u00e9quipe technique au service de la for\u00eat\",\"publisher\":{\"@id\":\"https:\/\/foretnature.be\/#organization\"},\"potentialAction\":[{\"@type\":\"SearchAction\",\"target\":{\"@type\":\"EntryPoint\",\"urlTemplate\":\"https:\/\/foretnature.be\/?s={search_term_string}\"},\"query-input\":\"required name=search_term_string\"}],\"inLanguage\":\"en-GB\"},{\"@type\":\"Organization\",\"@id\":\"https:\/\/foretnature.be\/#organization\",\"name\":\"For\u00eat.Nature\",\"url\":\"https:\/\/foretnature.be\/\",\"logo\":{\"@type\":\"ImageObject\",\"inLanguage\":\"en-GB\",\"@id\":\"https:\/\/foretnature.be\/#\/schema\/logo\/image\/\",\"url\":\"https:\/\/foretnature.be\/wp-content\/uploads\/2021\/01\/logoFOblanc.png\",\"contentUrl\":\"https:\/\/foretnature.be\/wp-content\/uploads\/2021\/01\/logoFOblanc.png\",\"width\":300,\"height\":151,\"caption\":\"For\u00eat.Nature\"},\"image\":{\"@id\":\"https:\/\/foretnature.be\/#\/schema\/logo\/image\/\"}}]}<\/script>\n<!-- \/ Yoast SEO plugin. -->","yoast_head_json":{"title":"L\u2019observatoire wallon de la sant\u00e9 des for\u00eats - For\u00eat.Nature","robots":{"index":"index","follow":"follow","max-snippet":"max-snippet:-1","max-image-preview":"max-image-preview:large","max-video-preview":"max-video-preview:-1"},"canonical":"https:\/\/foretnature.be\/en\/article-foret-nature\/lobservatoire-wallon-de-la-sante-des-forets\/","og_locale":"en_GB","og_type":"article","og_title":"L\u2019observatoire wallon de la sant\u00e9 des for\u00eats - For\u00eat.Nature","og_description":"Face aux perturbations de tous genres auxquelles sont soumises nos for\u00eats, la n\u00e9cessit\u00e9 de leur suivi s\u2019est peu \u00e0 peu impos\u00e9e. L\u2019Observatoire wallon de la sant\u00e9 des for\u00eats est ainsi n\u00e9. Bas\u00e9 sur un r\u00e9seau de placettes et d\u2019observateurs, il est coordonn\u00e9 par le D\u00e9partement de l\u2019\u00e9tude du milieu naturel et agricole (DEMNA) en concertation [&hellip;]","og_url":"https:\/\/foretnature.be\/en\/article-foret-nature\/lobservatoire-wallon-de-la-sante-des-forets\/","og_site_name":"For\u00eat.Nature","twitter_card":"summary_large_image","schema":{"@context":"https:\/\/schema.org","@graph":[{"@type":"WebPage","@id":"https:\/\/foretnature.be\/en\/article-foret-nature\/lobservatoire-wallon-de-la-sante-des-forets\/","url":"https:\/\/foretnature.be\/en\/article-foret-nature\/lobservatoire-wallon-de-la-sante-des-forets\/","name":"L\u2019observatoire wallon de la sant\u00e9 des for\u00eats - For\u00eat.Nature","isPartOf":{"@id":"https:\/\/foretnature.be\/#website"},"datePublished":"2024-10-23T14:41:21+00:00","dateModified":"2024-10-23T14:41:21+00:00","breadcrumb":{"@id":"https:\/\/foretnature.be\/en\/article-foret-nature\/lobservatoire-wallon-de-la-sante-des-forets\/#breadcrumb"},"inLanguage":"en-GB","potentialAction":[{"@type":"ReadAction","target":["https:\/\/foretnature.be\/en\/article-foret-nature\/lobservatoire-wallon-de-la-sante-des-forets\/"]}]},{"@type":"BreadcrumbList","@id":"https:\/\/foretnature.be\/en\/article-foret-nature\/lobservatoire-wallon-de-la-sante-des-forets\/#breadcrumb","itemListElement":[{"@type":"ListItem","position":1,"name":"Home","item":"https:\/\/foretnature.be\/"},{"@type":"ListItem","position":2,"name":"L\u2019observatoire wallon de la sant\u00e9 des for\u00eats"}]},{"@type":"WebSite","@id":"https:\/\/foretnature.be\/#website","url":"https:\/\/foretnature.be\/","name":"For\u00eat.Nature","description":"Une \u00e9quipe technique au service de la for\u00eat","publisher":{"@id":"https:\/\/foretnature.be\/#organization"},"potentialAction":[{"@type":"SearchAction","target":{"@type":"EntryPoint","urlTemplate":"https:\/\/foretnature.be\/?s={search_term_string}"},"query-input":"required name=search_term_string"}],"inLanguage":"en-GB"},{"@type":"Organization","@id":"https:\/\/foretnature.be\/#organization","name":"For\u00eat.Nature","url":"https:\/\/foretnature.be\/","logo":{"@type":"ImageObject","inLanguage":"en-GB","@id":"https:\/\/foretnature.be\/#\/schema\/logo\/image\/","url":"https:\/\/foretnature.be\/wp-content\/uploads\/2021\/01\/logoFOblanc.png","contentUrl":"https:\/\/foretnature.be\/wp-content\/uploads\/2021\/01\/logoFOblanc.png","width":300,"height":151,"caption":"For\u00eat.Nature"},"image":{"@id":"https:\/\/foretnature.be\/#\/schema\/logo\/image\/"}}]}},"_links":{"self":[{"href":"https:\/\/foretnature.be\/en\/wp-json\/wp\/v2\/article-foret-nature\/44216"}],"collection":[{"href":"https:\/\/foretnature.be\/en\/wp-json\/wp\/v2\/article-foret-nature"}],"about":[{"href":"https:\/\/foretnature.be\/en\/wp-json\/wp\/v2\/types\/article-foret-nature"}],"wp:attachment":[{"href":"https:\/\/foretnature.be\/en\/wp-json\/wp\/v2\/media?parent=44216"}],"wp:term":[{"taxonomy":"category","embeddable":true,"href":"https:\/\/foretnature.be\/en\/wp-json\/wp\/v2\/categories?post=44216"}],"curies":[{"name":"wp","href":"https:\/\/api.w.org\/{rel}","templated":true}]}}