{"id":44213,"date":"2024-10-23T16:41:19","date_gmt":"2024-10-23T14:41:19","guid":{"rendered":"https:\/\/foretnature.be\/?post_type=article-foret-nature&#038;p=44213"},"modified":"2024-10-23T16:41:19","modified_gmt":"2024-10-23T14:41:19","slug":"analyse-de-ladequation-actuelle-et-future-des-arbres-a-leur-station-en-foret-de-soignes-bruxelloise","status":"publish","type":"article-foret-nature","link":"https:\/\/foretnature.be\/en\/article-foret-nature\/analyse-de-ladequation-actuelle-et-future-des-arbres-a-leur-station-en-foret-de-soignes-bruxelloise\/","title":{"rendered":"Analyse de l&rsquo;ad\u00e9quation actuelle et future des arbres \u00e0 leur station en for\u00eat de Soignes bruxelloise"},"content":{"rendered":"<p>Cet article se focalise sur l&rsquo;ad\u00e9quation des essences \u00e0 leur milieu en for\u00eat de Soignes, en particulier le h\u00eatre et le ch\u00eane, pour tenter de la projeter \u00e0 la fin du XXI\u1d49 si\u00e8cle, et int\u00e9grer dans la gestion foresti\u00e8re la nouvelle donne que sont les changements climatiques. La m\u00e9thodologie utilis\u00e9e pour \u00e9valuer l&rsquo;impact des changements climatiques sur les essences de la for\u00eat de Soignes est un catalogue des stations dont l&rsquo;\u00e9chelle de perception est celle du forestier de terrain. Ce catalogue va permettre d&rsquo;identifier l&rsquo;ad\u00e9quation actuelle et future. Dans un premier temps, pour \u00e9laborer ce catalogue, la for\u00eat de Soignes a \u00e9t\u00e9 d\u00e9coup\u00e9e en entit\u00e9s \u00e9cologiques homog\u00e8nes (pr\u00e9-catalogue). Des informations plus pr\u00e9cises ont ensuite \u00e9t\u00e9 r\u00e9colt\u00e9es sur le terrain, d&rsquo;un point de vue trophique, hydrique, compaction du sol. L\u2019analyse de ce pr\u00e9-catalogue et des informations de terrain a permis de d\u00e9finir dix-huit types de station distincts pour la for\u00eat de Soignes, et l&rsquo;ad\u00e9quation actuelle des essences aux types de station. Pour l&rsquo;impact des changements climatiques sur l&rsquo;ad\u00e9quation essence-station, le sc\u00e9nario A1B du GIEC, ni alarmiste ni optimiste, a \u00e9t\u00e9 retenu : r\u00e9chauffement de 3 \u00b0C (4 \u00b0C de juin \u00e0 ao\u00fbt), plus de pluie en hiver, moins en \u00e9t\u00e9. Combinaison particuli\u00e8rement d\u00e9favorable \u00e0 la v\u00e9g\u00e9tation (moins d&rsquo;eau quand l&rsquo;arbre en a le plus besoin). Dans ces conditions, le climat de la for\u00eat de Soignes se rapprocherait de celui du sud de la Loire, zone climatique domin\u00e9e par les ch\u00eanes o\u00f9 le h\u00eatre est exceptionnel\u2026 [B.C.]<\/p>","protected":false},"excerpt":{"rendered":"<p>Cet article se focalise sur l&rsquo;ad\u00e9quation des essences \u00e0 leur milieu en for\u00eat de Soignes, en particulier le h\u00eatre et le ch\u00eane, pour tenter de la projeter \u00e0 la fin du XXI\u1d49 si\u00e8cle, et int\u00e9grer dans la gestion foresti\u00e8re la nouvelle donne que sont les changements climatiques. La m\u00e9thodologie utilis\u00e9e pour \u00e9valuer l&rsquo;impact des changements [&hellip;]<\/p>","protected":false},"featured_media":0,"template":"","categories":[49],"acf":[],"yoast_head":"<!-- This site is optimized with the Yoast SEO plugin v23.2 - https:\/\/yoast.com\/wordpress\/plugins\/seo\/ -->\n<title>Analyse de l&#039;ad\u00e9quation actuelle et future des arbres \u00e0 leur station en for\u00eat de Soignes bruxelloise - For\u00eat.Nature<\/title>\n<meta name=\"robots\" content=\"index, follow, max-snippet:-1, max-image-preview:large, max-video-preview:-1\" \/>\n<link rel=\"canonical\" href=\"https:\/\/foretnature.be\/en\/article-foret-nature\/analyse-de-ladequation-actuelle-et-future-des-arbres-a-leur-station-en-foret-de-soignes-bruxelloise\/\" \/>\n<meta property=\"og:locale\" content=\"en_GB\" \/>\n<meta property=\"og:type\" content=\"article\" \/>\n<meta property=\"og:title\" content=\"Analyse de l&#039;ad\u00e9quation actuelle et future des arbres \u00e0 leur station en for\u00eat de Soignes bruxelloise - For\u00eat.Nature\" \/>\n<meta property=\"og:description\" content=\"Cet article se focalise sur l&rsquo;ad\u00e9quation des essences \u00e0 leur milieu en for\u00eat de Soignes, en particulier le h\u00eatre et le ch\u00eane, pour tenter de la projeter \u00e0 la fin du XXI\u1d49 si\u00e8cle, et int\u00e9grer dans la gestion foresti\u00e8re la nouvelle donne que sont les changements climatiques. La m\u00e9thodologie utilis\u00e9e pour \u00e9valuer l&rsquo;impact des changements [&hellip;]\" \/>\n<meta property=\"og:url\" content=\"https:\/\/foretnature.be\/en\/article-foret-nature\/analyse-de-ladequation-actuelle-et-future-des-arbres-a-leur-station-en-foret-de-soignes-bruxelloise\/\" \/>\n<meta property=\"og:site_name\" content=\"For\u00eat.Nature\" \/>\n<meta name=\"twitter:card\" content=\"summary_large_image\" \/>\n<meta name=\"twitter:label1\" content=\"Estimated reading time\" \/>\n\t<meta name=\"twitter:data1\" content=\"1 minute\" \/>\n<script type=\"application\/ld+json\" class=\"yoast-schema-graph\">{\"@context\":\"https:\/\/schema.org\",\"@graph\":[{\"@type\":\"WebPage\",\"@id\":\"https:\/\/foretnature.be\/article-foret-nature\/analyse-de-ladequation-actuelle-et-future-des-arbres-a-leur-station-en-foret-de-soignes-bruxelloise\/\",\"url\":\"https:\/\/foretnature.be\/article-foret-nature\/analyse-de-ladequation-actuelle-et-future-des-arbres-a-leur-station-en-foret-de-soignes-bruxelloise\/\",\"name\":\"Analyse de l'ad\u00e9quation actuelle et future des arbres \u00e0 leur station en for\u00eat de Soignes bruxelloise - For\u00eat.Nature\",\"isPartOf\":{\"@id\":\"https:\/\/foretnature.be\/#website\"},\"datePublished\":\"2024-10-23T14:41:19+00:00\",\"dateModified\":\"2024-10-23T14:41:19+00:00\",\"breadcrumb\":{\"@id\":\"https:\/\/foretnature.be\/article-foret-nature\/analyse-de-ladequation-actuelle-et-future-des-arbres-a-leur-station-en-foret-de-soignes-bruxelloise\/#breadcrumb\"},\"inLanguage\":\"en-GB\",\"potentialAction\":[{\"@type\":\"ReadAction\",\"target\":[\"https:\/\/foretnature.be\/article-foret-nature\/analyse-de-ladequation-actuelle-et-future-des-arbres-a-leur-station-en-foret-de-soignes-bruxelloise\/\"]}]},{\"@type\":\"BreadcrumbList\",\"@id\":\"https:\/\/foretnature.be\/article-foret-nature\/analyse-de-ladequation-actuelle-et-future-des-arbres-a-leur-station-en-foret-de-soignes-bruxelloise\/#breadcrumb\",\"itemListElement\":[{\"@type\":\"ListItem\",\"position\":1,\"name\":\"Home\",\"item\":\"https:\/\/foretnature.be\/\"},{\"@type\":\"ListItem\",\"position\":2,\"name\":\"Analyse de l&rsquo;ad\u00e9quation actuelle et future des arbres \u00e0 leur station en for\u00eat de Soignes bruxelloise\"}]},{\"@type\":\"WebSite\",\"@id\":\"https:\/\/foretnature.be\/#website\",\"url\":\"https:\/\/foretnature.be\/\",\"name\":\"For\u00eat.Nature\",\"description\":\"Une \u00e9quipe technique au service de la for\u00eat\",\"publisher\":{\"@id\":\"https:\/\/foretnature.be\/#organization\"},\"potentialAction\":[{\"@type\":\"SearchAction\",\"target\":{\"@type\":\"EntryPoint\",\"urlTemplate\":\"https:\/\/foretnature.be\/?s={search_term_string}\"},\"query-input\":\"required name=search_term_string\"}],\"inLanguage\":\"en-GB\"},{\"@type\":\"Organization\",\"@id\":\"https:\/\/foretnature.be\/#organization\",\"name\":\"For\u00eat.Nature\",\"url\":\"https:\/\/foretnature.be\/\",\"logo\":{\"@type\":\"ImageObject\",\"inLanguage\":\"en-GB\",\"@id\":\"https:\/\/foretnature.be\/#\/schema\/logo\/image\/\",\"url\":\"https:\/\/foretnature.be\/wp-content\/uploads\/2021\/01\/logoFOblanc.png\",\"contentUrl\":\"https:\/\/foretnature.be\/wp-content\/uploads\/2021\/01\/logoFOblanc.png\",\"width\":300,\"height\":151,\"caption\":\"For\u00eat.Nature\"},\"image\":{\"@id\":\"https:\/\/foretnature.be\/#\/schema\/logo\/image\/\"}}]}<\/script>\n<!-- \/ Yoast SEO plugin. -->","yoast_head_json":{"title":"Analyse de l'ad\u00e9quation actuelle et future des arbres \u00e0 leur station en for\u00eat de Soignes bruxelloise - For\u00eat.Nature","robots":{"index":"index","follow":"follow","max-snippet":"max-snippet:-1","max-image-preview":"max-image-preview:large","max-video-preview":"max-video-preview:-1"},"canonical":"https:\/\/foretnature.be\/en\/article-foret-nature\/analyse-de-ladequation-actuelle-et-future-des-arbres-a-leur-station-en-foret-de-soignes-bruxelloise\/","og_locale":"en_GB","og_type":"article","og_title":"Analyse de l'ad\u00e9quation actuelle et future des arbres \u00e0 leur station en for\u00eat de Soignes bruxelloise - For\u00eat.Nature","og_description":"Cet article se focalise sur l&rsquo;ad\u00e9quation des essences \u00e0 leur milieu en for\u00eat de Soignes, en particulier le h\u00eatre et le ch\u00eane, pour tenter de la projeter \u00e0 la fin du XXI\u1d49 si\u00e8cle, et int\u00e9grer dans la gestion foresti\u00e8re la nouvelle donne que sont les changements climatiques. La m\u00e9thodologie utilis\u00e9e pour \u00e9valuer l&rsquo;impact des changements [&hellip;]","og_url":"https:\/\/foretnature.be\/en\/article-foret-nature\/analyse-de-ladequation-actuelle-et-future-des-arbres-a-leur-station-en-foret-de-soignes-bruxelloise\/","og_site_name":"For\u00eat.Nature","twitter_card":"summary_large_image","twitter_misc":{"Estimated reading time":"1 minute"},"schema":{"@context":"https:\/\/schema.org","@graph":[{"@type":"WebPage","@id":"https:\/\/foretnature.be\/article-foret-nature\/analyse-de-ladequation-actuelle-et-future-des-arbres-a-leur-station-en-foret-de-soignes-bruxelloise\/","url":"https:\/\/foretnature.be\/article-foret-nature\/analyse-de-ladequation-actuelle-et-future-des-arbres-a-leur-station-en-foret-de-soignes-bruxelloise\/","name":"Analyse de l'ad\u00e9quation actuelle et future des arbres \u00e0 leur station en for\u00eat de Soignes bruxelloise - For\u00eat.Nature","isPartOf":{"@id":"https:\/\/foretnature.be\/#website"},"datePublished":"2024-10-23T14:41:19+00:00","dateModified":"2024-10-23T14:41:19+00:00","breadcrumb":{"@id":"https:\/\/foretnature.be\/article-foret-nature\/analyse-de-ladequation-actuelle-et-future-des-arbres-a-leur-station-en-foret-de-soignes-bruxelloise\/#breadcrumb"},"inLanguage":"en-GB","potentialAction":[{"@type":"ReadAction","target":["https:\/\/foretnature.be\/article-foret-nature\/analyse-de-ladequation-actuelle-et-future-des-arbres-a-leur-station-en-foret-de-soignes-bruxelloise\/"]}]},{"@type":"BreadcrumbList","@id":"https:\/\/foretnature.be\/article-foret-nature\/analyse-de-ladequation-actuelle-et-future-des-arbres-a-leur-station-en-foret-de-soignes-bruxelloise\/#breadcrumb","itemListElement":[{"@type":"ListItem","position":1,"name":"Home","item":"https:\/\/foretnature.be\/"},{"@type":"ListItem","position":2,"name":"Analyse de l&rsquo;ad\u00e9quation actuelle et future des arbres \u00e0 leur station en for\u00eat de Soignes bruxelloise"}]},{"@type":"WebSite","@id":"https:\/\/foretnature.be\/#website","url":"https:\/\/foretnature.be\/","name":"For\u00eat.Nature","description":"Une \u00e9quipe technique au service de la for\u00eat","publisher":{"@id":"https:\/\/foretnature.be\/#organization"},"potentialAction":[{"@type":"SearchAction","target":{"@type":"EntryPoint","urlTemplate":"https:\/\/foretnature.be\/?s={search_term_string}"},"query-input":"required name=search_term_string"}],"inLanguage":"en-GB"},{"@type":"Organization","@id":"https:\/\/foretnature.be\/#organization","name":"For\u00eat.Nature","url":"https:\/\/foretnature.be\/","logo":{"@type":"ImageObject","inLanguage":"en-GB","@id":"https:\/\/foretnature.be\/#\/schema\/logo\/image\/","url":"https:\/\/foretnature.be\/wp-content\/uploads\/2021\/01\/logoFOblanc.png","contentUrl":"https:\/\/foretnature.be\/wp-content\/uploads\/2021\/01\/logoFOblanc.png","width":300,"height":151,"caption":"For\u00eat.Nature"},"image":{"@id":"https:\/\/foretnature.be\/#\/schema\/logo\/image\/"}}]}},"_links":{"self":[{"href":"https:\/\/foretnature.be\/en\/wp-json\/wp\/v2\/article-foret-nature\/44213"}],"collection":[{"href":"https:\/\/foretnature.be\/en\/wp-json\/wp\/v2\/article-foret-nature"}],"about":[{"href":"https:\/\/foretnature.be\/en\/wp-json\/wp\/v2\/types\/article-foret-nature"}],"wp:attachment":[{"href":"https:\/\/foretnature.be\/en\/wp-json\/wp\/v2\/media?parent=44213"}],"wp:term":[{"taxonomy":"category","embeddable":true,"href":"https:\/\/foretnature.be\/en\/wp-json\/wp\/v2\/categories?post=44213"}],"curies":[{"name":"wp","href":"https:\/\/api.w.org\/{rel}","templated":true}]}}