{"id":44212,"date":"2024-10-23T16:41:18","date_gmt":"2024-10-23T14:41:18","guid":{"rendered":"https:\/\/foretnature.be\/?post_type=article-foret-nature&#038;p=44212"},"modified":"2024-10-23T16:41:18","modified_gmt":"2024-10-23T14:41:18","slug":"relation-cervides-vegetation-forestiere-apports-des-suivis-temporels","status":"publish","type":"article-foret-nature","link":"https:\/\/foretnature.be\/en\/article-foret-nature\/relation-cervides-vegetation-forestiere-apports-des-suivis-temporels\/","title":{"rendered":"Relation cervid\u00e9s-v\u00e9g\u00e9tation foresti\u00e8re : apports des suivis temporels"},"content":{"rendered":"<p>Les relations entre cervid\u00e9s et v\u00e9g\u00e9tation foresti\u00e8re sont souvent limit\u00e9es \u00e0 la notion de d\u00e9g\u00e2ts. Leurs effets, jug\u00e9s n\u00e9gatifs par les forestiers, sont pourtant des \u00e9l\u00e9ments tr\u00e8s structurants pour la v\u00e9g\u00e9tation du sous-bois et pour l&rsquo;ensemble des esp\u00e8ces associ\u00e9es. Ils assurent de mani\u00e8re tr\u00e8s claire un r\u00f4le de r\u00e9gulation du d\u00e9veloppement des arbustes et des esp\u00e8ces sociales, permettant le maintien de certaines esp\u00e8ces qui sinon dispara\u00eetraient par manque de lumi\u00e8re. Ils s&rsquo;imposent comme des ing\u00e9nieurs \u00e9cologiques \u00ab organismes qui, directement ou indirectement, modulent la disponibilit\u00e9 en ressources pour d&rsquo;autres esp\u00e8ces \u00bb. Si l&rsquo;absence de cervid\u00e9s peut conduire \u00e0 terme les \u00e9cosyst\u00e8mes vers des \u00e9tats dysfonctionnels, leur trop forte abondance peut compromettre la p\u00e9rennit\u00e9 de l&rsquo;\u00e9tat forestier. Il s&rsquo;agit donc de tendre vers un \u00e9quilibre raisonnable entre les b\u00e9n\u00e9fices \u00e9cologiques que procurent les populations de cervid\u00e9s et les pertes \u00e9conomiques qu&rsquo;elles peuvent engendrer. [B.C.]<\/p>","protected":false},"excerpt":{"rendered":"<p>Les relations entre cervid\u00e9s et v\u00e9g\u00e9tation foresti\u00e8re sont souvent limit\u00e9es \u00e0 la notion de d\u00e9g\u00e2ts. Leurs effets, jug\u00e9s n\u00e9gatifs par les forestiers, sont pourtant des \u00e9l\u00e9ments tr\u00e8s structurants pour la v\u00e9g\u00e9tation du sous-bois et pour l&rsquo;ensemble des esp\u00e8ces associ\u00e9es. Ils assurent de mani\u00e8re tr\u00e8s claire un r\u00f4le de r\u00e9gulation du d\u00e9veloppement des arbustes et des [&hellip;]<\/p>","protected":false},"featured_media":0,"template":"","categories":[49],"acf":[],"yoast_head":"<!-- This site is optimized with the Yoast SEO plugin v23.2 - https:\/\/yoast.com\/wordpress\/plugins\/seo\/ -->\n<title>Relation cervid\u00e9s-v\u00e9g\u00e9tation foresti\u00e8re : apports des suivis temporels - For\u00eat.Nature<\/title>\n<meta name=\"robots\" content=\"index, follow, max-snippet:-1, max-image-preview:large, max-video-preview:-1\" \/>\n<link rel=\"canonical\" href=\"https:\/\/foretnature.be\/en\/article-foret-nature\/relation-cervides-vegetation-forestiere-apports-des-suivis-temporels\/\" \/>\n<meta property=\"og:locale\" content=\"en_GB\" \/>\n<meta property=\"og:type\" content=\"article\" \/>\n<meta property=\"og:title\" content=\"Relation cervid\u00e9s-v\u00e9g\u00e9tation foresti\u00e8re : apports des suivis temporels - For\u00eat.Nature\" \/>\n<meta property=\"og:description\" content=\"Les relations entre cervid\u00e9s et v\u00e9g\u00e9tation foresti\u00e8re sont souvent limit\u00e9es \u00e0 la notion de d\u00e9g\u00e2ts. Leurs effets, jug\u00e9s n\u00e9gatifs par les forestiers, sont pourtant des \u00e9l\u00e9ments tr\u00e8s structurants pour la v\u00e9g\u00e9tation du sous-bois et pour l&rsquo;ensemble des esp\u00e8ces associ\u00e9es. Ils assurent de mani\u00e8re tr\u00e8s claire un r\u00f4le de r\u00e9gulation du d\u00e9veloppement des arbustes et des [&hellip;]\" \/>\n<meta property=\"og:url\" content=\"https:\/\/foretnature.be\/en\/article-foret-nature\/relation-cervides-vegetation-forestiere-apports-des-suivis-temporels\/\" \/>\n<meta property=\"og:site_name\" content=\"For\u00eat.Nature\" \/>\n<meta name=\"twitter:card\" content=\"summary_large_image\" \/>\n<meta name=\"twitter:label1\" content=\"Estimated reading time\" \/>\n\t<meta name=\"twitter:data1\" content=\"1 minute\" \/>\n<script type=\"application\/ld+json\" class=\"yoast-schema-graph\">{\"@context\":\"https:\/\/schema.org\",\"@graph\":[{\"@type\":\"WebPage\",\"@id\":\"https:\/\/foretnature.be\/article-foret-nature\/relation-cervides-vegetation-forestiere-apports-des-suivis-temporels\/\",\"url\":\"https:\/\/foretnature.be\/article-foret-nature\/relation-cervides-vegetation-forestiere-apports-des-suivis-temporels\/\",\"name\":\"Relation cervid\u00e9s-v\u00e9g\u00e9tation foresti\u00e8re : apports des suivis temporels - For\u00eat.Nature\",\"isPartOf\":{\"@id\":\"https:\/\/foretnature.be\/#website\"},\"datePublished\":\"2024-10-23T14:41:18+00:00\",\"dateModified\":\"2024-10-23T14:41:18+00:00\",\"breadcrumb\":{\"@id\":\"https:\/\/foretnature.be\/article-foret-nature\/relation-cervides-vegetation-forestiere-apports-des-suivis-temporels\/#breadcrumb\"},\"inLanguage\":\"en-GB\",\"potentialAction\":[{\"@type\":\"ReadAction\",\"target\":[\"https:\/\/foretnature.be\/article-foret-nature\/relation-cervides-vegetation-forestiere-apports-des-suivis-temporels\/\"]}]},{\"@type\":\"BreadcrumbList\",\"@id\":\"https:\/\/foretnature.be\/article-foret-nature\/relation-cervides-vegetation-forestiere-apports-des-suivis-temporels\/#breadcrumb\",\"itemListElement\":[{\"@type\":\"ListItem\",\"position\":1,\"name\":\"Home\",\"item\":\"https:\/\/foretnature.be\/\"},{\"@type\":\"ListItem\",\"position\":2,\"name\":\"Relation cervid\u00e9s-v\u00e9g\u00e9tation foresti\u00e8re : apports des suivis temporels\"}]},{\"@type\":\"WebSite\",\"@id\":\"https:\/\/foretnature.be\/#website\",\"url\":\"https:\/\/foretnature.be\/\",\"name\":\"For\u00eat.Nature\",\"description\":\"Une \u00e9quipe technique au service de la for\u00eat\",\"publisher\":{\"@id\":\"https:\/\/foretnature.be\/#organization\"},\"potentialAction\":[{\"@type\":\"SearchAction\",\"target\":{\"@type\":\"EntryPoint\",\"urlTemplate\":\"https:\/\/foretnature.be\/?s={search_term_string}\"},\"query-input\":\"required name=search_term_string\"}],\"inLanguage\":\"en-GB\"},{\"@type\":\"Organization\",\"@id\":\"https:\/\/foretnature.be\/#organization\",\"name\":\"For\u00eat.Nature\",\"url\":\"https:\/\/foretnature.be\/\",\"logo\":{\"@type\":\"ImageObject\",\"inLanguage\":\"en-GB\",\"@id\":\"https:\/\/foretnature.be\/#\/schema\/logo\/image\/\",\"url\":\"https:\/\/foretnature.be\/wp-content\/uploads\/2021\/01\/logoFOblanc.png\",\"contentUrl\":\"https:\/\/foretnature.be\/wp-content\/uploads\/2021\/01\/logoFOblanc.png\",\"width\":300,\"height\":151,\"caption\":\"For\u00eat.Nature\"},\"image\":{\"@id\":\"https:\/\/foretnature.be\/#\/schema\/logo\/image\/\"}}]}<\/script>\n<!-- \/ Yoast SEO plugin. -->","yoast_head_json":{"title":"Relation cervid\u00e9s-v\u00e9g\u00e9tation foresti\u00e8re : apports des suivis temporels - For\u00eat.Nature","robots":{"index":"index","follow":"follow","max-snippet":"max-snippet:-1","max-image-preview":"max-image-preview:large","max-video-preview":"max-video-preview:-1"},"canonical":"https:\/\/foretnature.be\/en\/article-foret-nature\/relation-cervides-vegetation-forestiere-apports-des-suivis-temporels\/","og_locale":"en_GB","og_type":"article","og_title":"Relation cervid\u00e9s-v\u00e9g\u00e9tation foresti\u00e8re : apports des suivis temporels - For\u00eat.Nature","og_description":"Les relations entre cervid\u00e9s et v\u00e9g\u00e9tation foresti\u00e8re sont souvent limit\u00e9es \u00e0 la notion de d\u00e9g\u00e2ts. Leurs effets, jug\u00e9s n\u00e9gatifs par les forestiers, sont pourtant des \u00e9l\u00e9ments tr\u00e8s structurants pour la v\u00e9g\u00e9tation du sous-bois et pour l&rsquo;ensemble des esp\u00e8ces associ\u00e9es. Ils assurent de mani\u00e8re tr\u00e8s claire un r\u00f4le de r\u00e9gulation du d\u00e9veloppement des arbustes et des [&hellip;]","og_url":"https:\/\/foretnature.be\/en\/article-foret-nature\/relation-cervides-vegetation-forestiere-apports-des-suivis-temporels\/","og_site_name":"For\u00eat.Nature","twitter_card":"summary_large_image","twitter_misc":{"Estimated reading time":"1 minute"},"schema":{"@context":"https:\/\/schema.org","@graph":[{"@type":"WebPage","@id":"https:\/\/foretnature.be\/article-foret-nature\/relation-cervides-vegetation-forestiere-apports-des-suivis-temporels\/","url":"https:\/\/foretnature.be\/article-foret-nature\/relation-cervides-vegetation-forestiere-apports-des-suivis-temporels\/","name":"Relation cervid\u00e9s-v\u00e9g\u00e9tation foresti\u00e8re : apports des suivis temporels - For\u00eat.Nature","isPartOf":{"@id":"https:\/\/foretnature.be\/#website"},"datePublished":"2024-10-23T14:41:18+00:00","dateModified":"2024-10-23T14:41:18+00:00","breadcrumb":{"@id":"https:\/\/foretnature.be\/article-foret-nature\/relation-cervides-vegetation-forestiere-apports-des-suivis-temporels\/#breadcrumb"},"inLanguage":"en-GB","potentialAction":[{"@type":"ReadAction","target":["https:\/\/foretnature.be\/article-foret-nature\/relation-cervides-vegetation-forestiere-apports-des-suivis-temporels\/"]}]},{"@type":"BreadcrumbList","@id":"https:\/\/foretnature.be\/article-foret-nature\/relation-cervides-vegetation-forestiere-apports-des-suivis-temporels\/#breadcrumb","itemListElement":[{"@type":"ListItem","position":1,"name":"Home","item":"https:\/\/foretnature.be\/"},{"@type":"ListItem","position":2,"name":"Relation cervid\u00e9s-v\u00e9g\u00e9tation foresti\u00e8re : apports des suivis temporels"}]},{"@type":"WebSite","@id":"https:\/\/foretnature.be\/#website","url":"https:\/\/foretnature.be\/","name":"For\u00eat.Nature","description":"Une \u00e9quipe technique au service de la for\u00eat","publisher":{"@id":"https:\/\/foretnature.be\/#organization"},"potentialAction":[{"@type":"SearchAction","target":{"@type":"EntryPoint","urlTemplate":"https:\/\/foretnature.be\/?s={search_term_string}"},"query-input":"required name=search_term_string"}],"inLanguage":"en-GB"},{"@type":"Organization","@id":"https:\/\/foretnature.be\/#organization","name":"For\u00eat.Nature","url":"https:\/\/foretnature.be\/","logo":{"@type":"ImageObject","inLanguage":"en-GB","@id":"https:\/\/foretnature.be\/#\/schema\/logo\/image\/","url":"https:\/\/foretnature.be\/wp-content\/uploads\/2021\/01\/logoFOblanc.png","contentUrl":"https:\/\/foretnature.be\/wp-content\/uploads\/2021\/01\/logoFOblanc.png","width":300,"height":151,"caption":"For\u00eat.Nature"},"image":{"@id":"https:\/\/foretnature.be\/#\/schema\/logo\/image\/"}}]}},"_links":{"self":[{"href":"https:\/\/foretnature.be\/en\/wp-json\/wp\/v2\/article-foret-nature\/44212"}],"collection":[{"href":"https:\/\/foretnature.be\/en\/wp-json\/wp\/v2\/article-foret-nature"}],"about":[{"href":"https:\/\/foretnature.be\/en\/wp-json\/wp\/v2\/types\/article-foret-nature"}],"wp:attachment":[{"href":"https:\/\/foretnature.be\/en\/wp-json\/wp\/v2\/media?parent=44212"}],"wp:term":[{"taxonomy":"category","embeddable":true,"href":"https:\/\/foretnature.be\/en\/wp-json\/wp\/v2\/categories?post=44212"}],"curies":[{"name":"wp","href":"https:\/\/api.w.org\/{rel}","templated":true}]}}