{"id":44173,"date":"2024-10-23T16:40:50","date_gmt":"2024-10-23T14:40:50","guid":{"rendered":"https:\/\/foretnature.be\/?post_type=article-foret-nature&#038;p=44173"},"modified":"2024-10-23T16:40:50","modified_gmt":"2024-10-23T14:40:50","slug":"quel-peuplement-pour-quelle-protection-des-eaux-souterraines-entre-idees-recues-et-faits-demontres","status":"publish","type":"article-foret-nature","link":"https:\/\/foretnature.be\/en\/article-foret-nature\/quel-peuplement-pour-quelle-protection-des-eaux-souterraines-entre-idees-recues-et-faits-demontres\/","title":{"rendered":"Quel peuplement pour quelle protection des eaux souterraines ? Entre id\u00e9es re\u00e7ues et faits d\u00e9montr\u00e9s"},"content":{"rendered":"<p>Le projet Interreg franco-suisse Alpeau a pour objectif de mieux cerner les relations entre la sylviculture et la qualit\u00e9 des eaux souterraines. Dans le cadre de ce projet, une synth\u00e8se bibliographique a \u00e9t\u00e9 r\u00e9alis\u00e9e, plus pr\u00e9cis\u00e9ment autour des caract\u00e9ristiques de la couverture foresti\u00e8re pouvant affecter la quantit\u00e9 et la qualit\u00e9 des eaux souterraines. L\u2019auteur de cette synth\u00e8se en conclut les \u00e9l\u00e9ments suivants : une couverture feuillue est pr\u00e9f\u00e9rable aux r\u00e9sineux ; les peuplements \u00e9tag\u00e9s sont pr\u00e9f\u00e9rables aux peuplements monostrates ; le compactage diminue sensiblement la perm\u00e9abilit\u00e9 du sol \u00e0 l\u2019eau et est donc \u00e0 \u00e9viter ; les produits phytosanitaires devraient \u00eatre \u00e9vit\u00e9s dans les zones d\u2019alimentation des nappes souterraines. Ces conclusions sont \u00e0 pond\u00e9rer en fonction de l\u2019activit\u00e9 biologique du sol, li\u00e9e au type d\u2019humus, de sol et de sous-sol.<\/p>","protected":false},"excerpt":{"rendered":"<p>Le projet Interreg franco-suisse Alpeau a pour objectif de mieux cerner les relations entre la sylviculture et la qualit\u00e9 des eaux souterraines. Dans le cadre de ce projet, une synth\u00e8se bibliographique a \u00e9t\u00e9 r\u00e9alis\u00e9e, plus pr\u00e9cis\u00e9ment autour des caract\u00e9ristiques de la couverture foresti\u00e8re pouvant affecter la quantit\u00e9 et la qualit\u00e9 des eaux souterraines. L\u2019auteur de [&hellip;]<\/p>","protected":false},"featured_media":0,"template":"","categories":[49],"acf":[],"yoast_head":"<!-- This site is optimized with the Yoast SEO plugin v23.2 - https:\/\/yoast.com\/wordpress\/plugins\/seo\/ -->\n<title>Quel peuplement pour quelle protection des eaux souterraines ? Entre id\u00e9es re\u00e7ues et faits d\u00e9montr\u00e9s - For\u00eat.Nature<\/title>\n<meta name=\"robots\" content=\"index, follow, max-snippet:-1, max-image-preview:large, max-video-preview:-1\" \/>\n<link rel=\"canonical\" href=\"https:\/\/foretnature.be\/en\/article-foret-nature\/quel-peuplement-pour-quelle-protection-des-eaux-souterraines-entre-idees-recues-et-faits-demontres\/\" \/>\n<meta property=\"og:locale\" content=\"en_GB\" \/>\n<meta property=\"og:type\" content=\"article\" \/>\n<meta property=\"og:title\" content=\"Quel peuplement pour quelle protection des eaux souterraines ? Entre id\u00e9es re\u00e7ues et faits d\u00e9montr\u00e9s - For\u00eat.Nature\" \/>\n<meta property=\"og:description\" content=\"Le projet Interreg franco-suisse Alpeau a pour objectif de mieux cerner les relations entre la sylviculture et la qualit\u00e9 des eaux souterraines. Dans le cadre de ce projet, une synth\u00e8se bibliographique a \u00e9t\u00e9 r\u00e9alis\u00e9e, plus pr\u00e9cis\u00e9ment autour des caract\u00e9ristiques de la couverture foresti\u00e8re pouvant affecter la quantit\u00e9 et la qualit\u00e9 des eaux souterraines. L\u2019auteur de [&hellip;]\" \/>\n<meta property=\"og:url\" content=\"https:\/\/foretnature.be\/en\/article-foret-nature\/quel-peuplement-pour-quelle-protection-des-eaux-souterraines-entre-idees-recues-et-faits-demontres\/\" \/>\n<meta property=\"og:site_name\" content=\"For\u00eat.Nature\" \/>\n<meta name=\"twitter:card\" content=\"summary_large_image\" \/>\n<meta name=\"twitter:label1\" content=\"Estimated reading time\" \/>\n\t<meta name=\"twitter:data1\" content=\"1 minute\" \/>\n<script type=\"application\/ld+json\" class=\"yoast-schema-graph\">{\"@context\":\"https:\/\/schema.org\",\"@graph\":[{\"@type\":\"WebPage\",\"@id\":\"https:\/\/foretnature.be\/article-foret-nature\/quel-peuplement-pour-quelle-protection-des-eaux-souterraines-entre-idees-recues-et-faits-demontres\/\",\"url\":\"https:\/\/foretnature.be\/article-foret-nature\/quel-peuplement-pour-quelle-protection-des-eaux-souterraines-entre-idees-recues-et-faits-demontres\/\",\"name\":\"Quel peuplement pour quelle protection des eaux souterraines ? Entre id\u00e9es re\u00e7ues et faits d\u00e9montr\u00e9s - For\u00eat.Nature\",\"isPartOf\":{\"@id\":\"https:\/\/foretnature.be\/en\/#website\"},\"datePublished\":\"2024-10-23T14:40:50+00:00\",\"dateModified\":\"2024-10-23T14:40:50+00:00\",\"breadcrumb\":{\"@id\":\"https:\/\/foretnature.be\/article-foret-nature\/quel-peuplement-pour-quelle-protection-des-eaux-souterraines-entre-idees-recues-et-faits-demontres\/#breadcrumb\"},\"inLanguage\":\"en-GB\",\"potentialAction\":[{\"@type\":\"ReadAction\",\"target\":[\"https:\/\/foretnature.be\/article-foret-nature\/quel-peuplement-pour-quelle-protection-des-eaux-souterraines-entre-idees-recues-et-faits-demontres\/\"]}]},{\"@type\":\"BreadcrumbList\",\"@id\":\"https:\/\/foretnature.be\/article-foret-nature\/quel-peuplement-pour-quelle-protection-des-eaux-souterraines-entre-idees-recues-et-faits-demontres\/#breadcrumb\",\"itemListElement\":[{\"@type\":\"ListItem\",\"position\":1,\"name\":\"Home\",\"item\":\"https:\/\/foretnature.be\/en\/\"},{\"@type\":\"ListItem\",\"position\":2,\"name\":\"Quel peuplement pour quelle protection des eaux souterraines ? Entre id\u00e9es re\u00e7ues et faits d\u00e9montr\u00e9s\"}]},{\"@type\":\"WebSite\",\"@id\":\"https:\/\/foretnature.be\/en\/#website\",\"url\":\"https:\/\/foretnature.be\/en\/\",\"name\":\"For\u00eat.Nature\",\"description\":\"Une \u00e9quipe technique au service de la for\u00eat\",\"publisher\":{\"@id\":\"https:\/\/foretnature.be\/en\/#organization\"},\"potentialAction\":[{\"@type\":\"SearchAction\",\"target\":{\"@type\":\"EntryPoint\",\"urlTemplate\":\"https:\/\/foretnature.be\/en\/?s={search_term_string}\"},\"query-input\":\"required name=search_term_string\"}],\"inLanguage\":\"en-GB\"},{\"@type\":\"Organization\",\"@id\":\"https:\/\/foretnature.be\/en\/#organization\",\"name\":\"For\u00eat.Nature\",\"url\":\"https:\/\/foretnature.be\/en\/\",\"logo\":{\"@type\":\"ImageObject\",\"inLanguage\":\"en-GB\",\"@id\":\"https:\/\/foretnature.be\/en\/#\/schema\/logo\/image\/\",\"url\":\"https:\/\/foretnature.be\/wp-content\/uploads\/2021\/01\/logoFOblanc.png\",\"contentUrl\":\"https:\/\/foretnature.be\/wp-content\/uploads\/2021\/01\/logoFOblanc.png\",\"width\":300,\"height\":151,\"caption\":\"For\u00eat.Nature\"},\"image\":{\"@id\":\"https:\/\/foretnature.be\/en\/#\/schema\/logo\/image\/\"}}]}<\/script>\n<!-- \/ Yoast SEO plugin. -->","yoast_head_json":{"title":"Quel peuplement pour quelle protection des eaux souterraines ? Entre id\u00e9es re\u00e7ues et faits d\u00e9montr\u00e9s - For\u00eat.Nature","robots":{"index":"index","follow":"follow","max-snippet":"max-snippet:-1","max-image-preview":"max-image-preview:large","max-video-preview":"max-video-preview:-1"},"canonical":"https:\/\/foretnature.be\/en\/article-foret-nature\/quel-peuplement-pour-quelle-protection-des-eaux-souterraines-entre-idees-recues-et-faits-demontres\/","og_locale":"en_GB","og_type":"article","og_title":"Quel peuplement pour quelle protection des eaux souterraines ? Entre id\u00e9es re\u00e7ues et faits d\u00e9montr\u00e9s - For\u00eat.Nature","og_description":"Le projet Interreg franco-suisse Alpeau a pour objectif de mieux cerner les relations entre la sylviculture et la qualit\u00e9 des eaux souterraines. Dans le cadre de ce projet, une synth\u00e8se bibliographique a \u00e9t\u00e9 r\u00e9alis\u00e9e, plus pr\u00e9cis\u00e9ment autour des caract\u00e9ristiques de la couverture foresti\u00e8re pouvant affecter la quantit\u00e9 et la qualit\u00e9 des eaux souterraines. L\u2019auteur de [&hellip;]","og_url":"https:\/\/foretnature.be\/en\/article-foret-nature\/quel-peuplement-pour-quelle-protection-des-eaux-souterraines-entre-idees-recues-et-faits-demontres\/","og_site_name":"For\u00eat.Nature","twitter_card":"summary_large_image","twitter_misc":{"Estimated reading time":"1 minute"},"schema":{"@context":"https:\/\/schema.org","@graph":[{"@type":"WebPage","@id":"https:\/\/foretnature.be\/article-foret-nature\/quel-peuplement-pour-quelle-protection-des-eaux-souterraines-entre-idees-recues-et-faits-demontres\/","url":"https:\/\/foretnature.be\/article-foret-nature\/quel-peuplement-pour-quelle-protection-des-eaux-souterraines-entre-idees-recues-et-faits-demontres\/","name":"Quel peuplement pour quelle protection des eaux souterraines ? Entre id\u00e9es re\u00e7ues et faits d\u00e9montr\u00e9s - For\u00eat.Nature","isPartOf":{"@id":"https:\/\/foretnature.be\/en\/#website"},"datePublished":"2024-10-23T14:40:50+00:00","dateModified":"2024-10-23T14:40:50+00:00","breadcrumb":{"@id":"https:\/\/foretnature.be\/article-foret-nature\/quel-peuplement-pour-quelle-protection-des-eaux-souterraines-entre-idees-recues-et-faits-demontres\/#breadcrumb"},"inLanguage":"en-GB","potentialAction":[{"@type":"ReadAction","target":["https:\/\/foretnature.be\/article-foret-nature\/quel-peuplement-pour-quelle-protection-des-eaux-souterraines-entre-idees-recues-et-faits-demontres\/"]}]},{"@type":"BreadcrumbList","@id":"https:\/\/foretnature.be\/article-foret-nature\/quel-peuplement-pour-quelle-protection-des-eaux-souterraines-entre-idees-recues-et-faits-demontres\/#breadcrumb","itemListElement":[{"@type":"ListItem","position":1,"name":"Home","item":"https:\/\/foretnature.be\/en\/"},{"@type":"ListItem","position":2,"name":"Quel peuplement pour quelle protection des eaux souterraines ? Entre id\u00e9es re\u00e7ues et faits d\u00e9montr\u00e9s"}]},{"@type":"WebSite","@id":"https:\/\/foretnature.be\/en\/#website","url":"https:\/\/foretnature.be\/en\/","name":"For\u00eat.Nature","description":"Une \u00e9quipe technique au service de la for\u00eat","publisher":{"@id":"https:\/\/foretnature.be\/en\/#organization"},"potentialAction":[{"@type":"SearchAction","target":{"@type":"EntryPoint","urlTemplate":"https:\/\/foretnature.be\/en\/?s={search_term_string}"},"query-input":"required name=search_term_string"}],"inLanguage":"en-GB"},{"@type":"Organization","@id":"https:\/\/foretnature.be\/en\/#organization","name":"For\u00eat.Nature","url":"https:\/\/foretnature.be\/en\/","logo":{"@type":"ImageObject","inLanguage":"en-GB","@id":"https:\/\/foretnature.be\/en\/#\/schema\/logo\/image\/","url":"https:\/\/foretnature.be\/wp-content\/uploads\/2021\/01\/logoFOblanc.png","contentUrl":"https:\/\/foretnature.be\/wp-content\/uploads\/2021\/01\/logoFOblanc.png","width":300,"height":151,"caption":"For\u00eat.Nature"},"image":{"@id":"https:\/\/foretnature.be\/en\/#\/schema\/logo\/image\/"}}]}},"_links":{"self":[{"href":"https:\/\/foretnature.be\/en\/wp-json\/wp\/v2\/article-foret-nature\/44173"}],"collection":[{"href":"https:\/\/foretnature.be\/en\/wp-json\/wp\/v2\/article-foret-nature"}],"about":[{"href":"https:\/\/foretnature.be\/en\/wp-json\/wp\/v2\/types\/article-foret-nature"}],"wp:attachment":[{"href":"https:\/\/foretnature.be\/en\/wp-json\/wp\/v2\/media?parent=44173"}],"wp:term":[{"taxonomy":"category","embeddable":true,"href":"https:\/\/foretnature.be\/en\/wp-json\/wp\/v2\/categories?post=44173"}],"curies":[{"name":"wp","href":"https:\/\/api.w.org\/{rel}","templated":true}]}}