{"id":44171,"date":"2024-10-23T16:40:49","date_gmt":"2024-10-23T14:40:49","guid":{"rendered":"https:\/\/foretnature.be\/?post_type=article-foret-nature&#038;p=44171"},"modified":"2024-10-23T16:40:49","modified_gmt":"2024-10-23T14:40:49","slug":"linventaire-forestier-national-permanent-du-grand-duche-de-luxembourg-dix-annees-dexistence","status":"publish","type":"article-foret-nature","link":"https:\/\/foretnature.be\/en\/article-foret-nature\/linventaire-forestier-national-permanent-du-grand-duche-de-luxembourg-dix-annees-dexistence\/","title":{"rendered":"L\u2019inventaire forestier national permanent du Grand-Duch\u00e9 de Luxembourg, dix ann\u00e9es d\u2019existence"},"content":{"rendered":"<p>C\u2019est en 1996 que l\u2019Administration de la Nature et des For\u00eats grand-ducale a d\u00e9cid\u00e9 de se doter d\u2019un inventaire forestier national permanent. Le premier cycle de mesures, dont la phase de r\u00e9colte des donn\u00e9es sur le terrain s\u2019est d\u00e9roul\u00e9e entre 1998 et 2000, a donn\u00e9 lieu \u00e0 une premi\u00e8re \u00ab photographie \u00bb de la for\u00eat luxembourgeoise (voir la publication \u00ab la For\u00eat luxembourgeoise en chiffres \u00bb). Le caract\u00e8re permanent de l\u2019inventaire lui permet de jouer le r\u00f4le de \u00ab tableau de bord \u00bb de l\u2019ensemble de la for\u00eat luxembourgeoise et c\u2019est ainsi qu\u2019en 2009 a \u00e9t\u00e9 lanc\u00e9 le deuxi\u00e8me cycle de mesures. L\u2019essentiel du travail de terrain \u00e9tant de revisiter les points de sondage d\u00e9j\u00e0 install\u00e9s lors du premier cycle, des nouveaut\u00e9s techniques et m\u00e9thodologiques ont \u00e9t\u00e9 apport\u00e9es pour notamment am\u00e9liorer la qualit\u00e9 des donn\u00e9es et faciliter leur r\u00e9colte sur le terrain. Une des grandes nouveaut\u00e9s r\u00e9side dans l\u2019encodage direct des donn\u00e9es sur le terrain par le biais d\u2019un encodeur portable ou micro-ordinateur de terrain. L\u2019article pr\u00e9sente les avantages li\u00e9s \u00e0 l\u2019encodage \u00e9lectronique ainsi que les modifications apport\u00e9es \u00e0 la m\u00e9thodologie de l\u2019inventaire. Les auteurs terminent par une br\u00e8ve pr\u00e9sentation des perspectives de traitements des donn\u00e9es li\u00e9es \u00e0 l\u2019arriv\u00e9e massive des nouvelles donn\u00e9es du second cycle de mesures.<\/p>","protected":false},"excerpt":{"rendered":"<p>C\u2019est en 1996 que l\u2019Administration de la Nature et des For\u00eats grand-ducale a d\u00e9cid\u00e9 de se doter d\u2019un inventaire forestier national permanent. Le premier cycle de mesures, dont la phase de r\u00e9colte des donn\u00e9es sur le terrain s\u2019est d\u00e9roul\u00e9e entre 1998 et 2000, a donn\u00e9 lieu \u00e0 une premi\u00e8re \u00ab photographie \u00bb de la for\u00eat [&hellip;]<\/p>","protected":false},"featured_media":0,"template":"","categories":[49],"acf":[],"yoast_head":"<!-- This site is optimized with the Yoast SEO plugin v23.2 - https:\/\/yoast.com\/wordpress\/plugins\/seo\/ -->\n<title>L\u2019inventaire forestier national permanent du Grand-Duch\u00e9 de Luxembourg, dix ann\u00e9es d\u2019existence - For\u00eat.Nature<\/title>\n<meta name=\"robots\" content=\"index, follow, max-snippet:-1, max-image-preview:large, max-video-preview:-1\" \/>\n<link rel=\"canonical\" href=\"https:\/\/foretnature.be\/en\/article-foret-nature\/linventaire-forestier-national-permanent-du-grand-duche-de-luxembourg-dix-annees-dexistence\/\" \/>\n<meta property=\"og:locale\" content=\"en_GB\" \/>\n<meta property=\"og:type\" content=\"article\" \/>\n<meta property=\"og:title\" content=\"L\u2019inventaire forestier national permanent du Grand-Duch\u00e9 de Luxembourg, dix ann\u00e9es d\u2019existence - For\u00eat.Nature\" \/>\n<meta property=\"og:description\" content=\"C\u2019est en 1996 que l\u2019Administration de la Nature et des For\u00eats grand-ducale a d\u00e9cid\u00e9 de se doter d\u2019un inventaire forestier national permanent. Le premier cycle de mesures, dont la phase de r\u00e9colte des donn\u00e9es sur le terrain s\u2019est d\u00e9roul\u00e9e entre 1998 et 2000, a donn\u00e9 lieu \u00e0 une premi\u00e8re \u00ab photographie \u00bb de la for\u00eat [&hellip;]\" \/>\n<meta property=\"og:url\" content=\"https:\/\/foretnature.be\/en\/article-foret-nature\/linventaire-forestier-national-permanent-du-grand-duche-de-luxembourg-dix-annees-dexistence\/\" \/>\n<meta property=\"og:site_name\" content=\"For\u00eat.Nature\" \/>\n<meta name=\"twitter:card\" content=\"summary_large_image\" \/>\n<meta name=\"twitter:label1\" content=\"Estimated reading time\" \/>\n\t<meta name=\"twitter:data1\" content=\"1 minute\" \/>\n<script type=\"application\/ld+json\" class=\"yoast-schema-graph\">{\"@context\":\"https:\/\/schema.org\",\"@graph\":[{\"@type\":\"WebPage\",\"@id\":\"https:\/\/foretnature.be\/article-foret-nature\/linventaire-forestier-national-permanent-du-grand-duche-de-luxembourg-dix-annees-dexistence\/\",\"url\":\"https:\/\/foretnature.be\/article-foret-nature\/linventaire-forestier-national-permanent-du-grand-duche-de-luxembourg-dix-annees-dexistence\/\",\"name\":\"L\u2019inventaire forestier national permanent du Grand-Duch\u00e9 de Luxembourg, dix ann\u00e9es d\u2019existence - For\u00eat.Nature\",\"isPartOf\":{\"@id\":\"https:\/\/foretnature.be\/en\/#website\"},\"datePublished\":\"2024-10-23T14:40:49+00:00\",\"dateModified\":\"2024-10-23T14:40:49+00:00\",\"breadcrumb\":{\"@id\":\"https:\/\/foretnature.be\/article-foret-nature\/linventaire-forestier-national-permanent-du-grand-duche-de-luxembourg-dix-annees-dexistence\/#breadcrumb\"},\"inLanguage\":\"en-GB\",\"potentialAction\":[{\"@type\":\"ReadAction\",\"target\":[\"https:\/\/foretnature.be\/article-foret-nature\/linventaire-forestier-national-permanent-du-grand-duche-de-luxembourg-dix-annees-dexistence\/\"]}]},{\"@type\":\"BreadcrumbList\",\"@id\":\"https:\/\/foretnature.be\/article-foret-nature\/linventaire-forestier-national-permanent-du-grand-duche-de-luxembourg-dix-annees-dexistence\/#breadcrumb\",\"itemListElement\":[{\"@type\":\"ListItem\",\"position\":1,\"name\":\"Home\",\"item\":\"https:\/\/foretnature.be\/en\/\"},{\"@type\":\"ListItem\",\"position\":2,\"name\":\"L\u2019inventaire forestier national permanent du Grand-Duch\u00e9 de Luxembourg, dix ann\u00e9es d\u2019existence\"}]},{\"@type\":\"WebSite\",\"@id\":\"https:\/\/foretnature.be\/en\/#website\",\"url\":\"https:\/\/foretnature.be\/en\/\",\"name\":\"For\u00eat.Nature\",\"description\":\"Une \u00e9quipe technique au service de la for\u00eat\",\"publisher\":{\"@id\":\"https:\/\/foretnature.be\/en\/#organization\"},\"potentialAction\":[{\"@type\":\"SearchAction\",\"target\":{\"@type\":\"EntryPoint\",\"urlTemplate\":\"https:\/\/foretnature.be\/en\/?s={search_term_string}\"},\"query-input\":\"required name=search_term_string\"}],\"inLanguage\":\"en-GB\"},{\"@type\":\"Organization\",\"@id\":\"https:\/\/foretnature.be\/en\/#organization\",\"name\":\"For\u00eat.Nature\",\"url\":\"https:\/\/foretnature.be\/en\/\",\"logo\":{\"@type\":\"ImageObject\",\"inLanguage\":\"en-GB\",\"@id\":\"https:\/\/foretnature.be\/en\/#\/schema\/logo\/image\/\",\"url\":\"https:\/\/foretnature.be\/wp-content\/uploads\/2021\/01\/logoFOblanc.png\",\"contentUrl\":\"https:\/\/foretnature.be\/wp-content\/uploads\/2021\/01\/logoFOblanc.png\",\"width\":300,\"height\":151,\"caption\":\"For\u00eat.Nature\"},\"image\":{\"@id\":\"https:\/\/foretnature.be\/en\/#\/schema\/logo\/image\/\"}}]}<\/script>\n<!-- \/ Yoast SEO plugin. -->","yoast_head_json":{"title":"L\u2019inventaire forestier national permanent du Grand-Duch\u00e9 de Luxembourg, dix ann\u00e9es d\u2019existence - For\u00eat.Nature","robots":{"index":"index","follow":"follow","max-snippet":"max-snippet:-1","max-image-preview":"max-image-preview:large","max-video-preview":"max-video-preview:-1"},"canonical":"https:\/\/foretnature.be\/en\/article-foret-nature\/linventaire-forestier-national-permanent-du-grand-duche-de-luxembourg-dix-annees-dexistence\/","og_locale":"en_GB","og_type":"article","og_title":"L\u2019inventaire forestier national permanent du Grand-Duch\u00e9 de Luxembourg, dix ann\u00e9es d\u2019existence - For\u00eat.Nature","og_description":"C\u2019est en 1996 que l\u2019Administration de la Nature et des For\u00eats grand-ducale a d\u00e9cid\u00e9 de se doter d\u2019un inventaire forestier national permanent. Le premier cycle de mesures, dont la phase de r\u00e9colte des donn\u00e9es sur le terrain s\u2019est d\u00e9roul\u00e9e entre 1998 et 2000, a donn\u00e9 lieu \u00e0 une premi\u00e8re \u00ab photographie \u00bb de la for\u00eat [&hellip;]","og_url":"https:\/\/foretnature.be\/en\/article-foret-nature\/linventaire-forestier-national-permanent-du-grand-duche-de-luxembourg-dix-annees-dexistence\/","og_site_name":"For\u00eat.Nature","twitter_card":"summary_large_image","twitter_misc":{"Estimated reading time":"1 minute"},"schema":{"@context":"https:\/\/schema.org","@graph":[{"@type":"WebPage","@id":"https:\/\/foretnature.be\/article-foret-nature\/linventaire-forestier-national-permanent-du-grand-duche-de-luxembourg-dix-annees-dexistence\/","url":"https:\/\/foretnature.be\/article-foret-nature\/linventaire-forestier-national-permanent-du-grand-duche-de-luxembourg-dix-annees-dexistence\/","name":"L\u2019inventaire forestier national permanent du Grand-Duch\u00e9 de Luxembourg, dix ann\u00e9es d\u2019existence - For\u00eat.Nature","isPartOf":{"@id":"https:\/\/foretnature.be\/en\/#website"},"datePublished":"2024-10-23T14:40:49+00:00","dateModified":"2024-10-23T14:40:49+00:00","breadcrumb":{"@id":"https:\/\/foretnature.be\/article-foret-nature\/linventaire-forestier-national-permanent-du-grand-duche-de-luxembourg-dix-annees-dexistence\/#breadcrumb"},"inLanguage":"en-GB","potentialAction":[{"@type":"ReadAction","target":["https:\/\/foretnature.be\/article-foret-nature\/linventaire-forestier-national-permanent-du-grand-duche-de-luxembourg-dix-annees-dexistence\/"]}]},{"@type":"BreadcrumbList","@id":"https:\/\/foretnature.be\/article-foret-nature\/linventaire-forestier-national-permanent-du-grand-duche-de-luxembourg-dix-annees-dexistence\/#breadcrumb","itemListElement":[{"@type":"ListItem","position":1,"name":"Home","item":"https:\/\/foretnature.be\/en\/"},{"@type":"ListItem","position":2,"name":"L\u2019inventaire forestier national permanent du Grand-Duch\u00e9 de Luxembourg, dix ann\u00e9es d\u2019existence"}]},{"@type":"WebSite","@id":"https:\/\/foretnature.be\/en\/#website","url":"https:\/\/foretnature.be\/en\/","name":"For\u00eat.Nature","description":"Une \u00e9quipe technique au service de la for\u00eat","publisher":{"@id":"https:\/\/foretnature.be\/en\/#organization"},"potentialAction":[{"@type":"SearchAction","target":{"@type":"EntryPoint","urlTemplate":"https:\/\/foretnature.be\/en\/?s={search_term_string}"},"query-input":"required name=search_term_string"}],"inLanguage":"en-GB"},{"@type":"Organization","@id":"https:\/\/foretnature.be\/en\/#organization","name":"For\u00eat.Nature","url":"https:\/\/foretnature.be\/en\/","logo":{"@type":"ImageObject","inLanguage":"en-GB","@id":"https:\/\/foretnature.be\/en\/#\/schema\/logo\/image\/","url":"https:\/\/foretnature.be\/wp-content\/uploads\/2021\/01\/logoFOblanc.png","contentUrl":"https:\/\/foretnature.be\/wp-content\/uploads\/2021\/01\/logoFOblanc.png","width":300,"height":151,"caption":"For\u00eat.Nature"},"image":{"@id":"https:\/\/foretnature.be\/en\/#\/schema\/logo\/image\/"}}]}},"_links":{"self":[{"href":"https:\/\/foretnature.be\/en\/wp-json\/wp\/v2\/article-foret-nature\/44171"}],"collection":[{"href":"https:\/\/foretnature.be\/en\/wp-json\/wp\/v2\/article-foret-nature"}],"about":[{"href":"https:\/\/foretnature.be\/en\/wp-json\/wp\/v2\/types\/article-foret-nature"}],"wp:attachment":[{"href":"https:\/\/foretnature.be\/en\/wp-json\/wp\/v2\/media?parent=44171"}],"wp:term":[{"taxonomy":"category","embeddable":true,"href":"https:\/\/foretnature.be\/en\/wp-json\/wp\/v2\/categories?post=44171"}],"curies":[{"name":"wp","href":"https:\/\/api.w.org\/{rel}","templated":true}]}}