{"id":44170,"date":"2024-10-23T16:40:48","date_gmt":"2024-10-23T14:40:48","guid":{"rendered":"https:\/\/foretnature.be\/?post_type=article-foret-nature&#038;p=44170"},"modified":"2024-10-23T16:40:48","modified_gmt":"2024-10-23T14:40:48","slug":"echos-du-congres-forestier-mondial-2009","status":"publish","type":"article-foret-nature","link":"https:\/\/foretnature.be\/en\/article-foret-nature\/echos-du-congres-forestier-mondial-2009\/","title":{"rendered":"\u00c9chos du Congr\u00e8s Forestier Mondial 2009"},"content":{"rendered":"<p>Du 18 au 23 octobre s\u2019est tenu le 13\u1d49 Congr\u00e8s Forestier Mondial en Argentine. Il s\u2019agissait de la treizi\u00e8me \u00e9dition de ce congr\u00e8s qui a lieu tous les 6 ans et regroupe plus de sept mille participants provenant de cent soixante pays. Le congr\u00e8s s\u2019articulait autour de sept th\u00e8mes : for\u00eats et biodiversit\u00e9, produire pour le d\u00e9veloppement, les for\u00eats au service des populations, prot\u00e9geons nos for\u00eats, opportunit\u00e9s de d\u00e9veloppement, organiser le d\u00e9veloppement forestiers et populations et for\u00eats en harmonie. Au del\u00e0 des diff\u00e9rents th\u00e8mes abord\u00e9s, deux fils rouges sont ressortis des discussions. Le premier est que les questions foresti\u00e8res n\u00e9cessitent absolument d\u2019\u00eatre abord\u00e9es avec une vision intersectorielle. Le deuxi\u00e8me, qu\u2019il ne faut pas se focaliser sur les produits de la for\u00eat mais aussi sur les hommes qui interviennent dans le processus de production. Ce congr\u00e8s est apparu truff\u00e9 de contrastes, entre visions moderne et coloniale, europ\u00e9enne et m\u00e9tisse, entre sc\u00e8ne et coulisse, faim d\u2019\u00e9nergie et faim des hommes. Les r\u00e9sultats des discussions ont \u00e9t\u00e9 transcrits dans une d\u00e9claration officielle lors de la session de cl\u00f4ture qui comprend neuf conclusions et vingt-sept actions strat\u00e9giques. Les neuf conclusions sont les suivantes : n\u00e9cessit\u00e9 et urgence d\u2019une approche intersectorielle ; for\u00eats et soci\u00e9t\u00e9s (prise en compte des valeurs procur\u00e9es, pressions subies, connaissances locales et indig\u00e8nes) ; financement des services non marchands (eau, biodiversit\u00e9, sant\u00e9 publique) ; importance grandissante des for\u00eats plant\u00e9es (besoins sociaux, environnementaux, \u00e9conomiques, productivit\u00e9, paysages) ; biomasse foresti\u00e8re et \u00e9nergie (\u00e9quilibre entre d\u00e9veloppement technologique et impact sur les \u00e9cosyst\u00e8mes et les hommes) ; changements climatiques (s\u00e9questration du carbone, r\u00e9coltes de donn\u00e9es fiables, simplification des r\u00e8gles, enjeux locaux) ; protection des \u00e9cosyst\u00e8mes (restauration et lutte contre la d\u00e9gradation) ; promotion de l\u2019industrie foresti\u00e8re (environnement politique, recherche et d\u00e9veloppement) ; am\u00e9lioration de la ma\u00eetrise fonci\u00e8re dans et autour du secteur forestier (implication des propri\u00e9taires fonciers, retour \u00e0 des gestions et utilisations plus locales).<\/p>","protected":false},"excerpt":{"rendered":"<p>Du 18 au 23 octobre s\u2019est tenu le 13\u1d49 Congr\u00e8s Forestier Mondial en Argentine. Il s\u2019agissait de la treizi\u00e8me \u00e9dition de ce congr\u00e8s qui a lieu tous les 6 ans et regroupe plus de sept mille participants provenant de cent soixante pays. Le congr\u00e8s s\u2019articulait autour de sept th\u00e8mes : for\u00eats et biodiversit\u00e9, produire pour [&hellip;]<\/p>","protected":false},"featured_media":0,"template":"","categories":[49],"acf":[],"yoast_head":"<!-- This site is optimized with the Yoast SEO plugin v23.2 - https:\/\/yoast.com\/wordpress\/plugins\/seo\/ -->\n<title>\u00c9chos du Congr\u00e8s Forestier Mondial 2009 - For\u00eat.Nature<\/title>\n<meta name=\"robots\" content=\"index, follow, max-snippet:-1, max-image-preview:large, max-video-preview:-1\" \/>\n<link rel=\"canonical\" href=\"https:\/\/foretnature.be\/en\/article-foret-nature\/echos-du-congres-forestier-mondial-2009\/\" \/>\n<meta property=\"og:locale\" content=\"en_GB\" \/>\n<meta property=\"og:type\" content=\"article\" \/>\n<meta property=\"og:title\" content=\"\u00c9chos du Congr\u00e8s Forestier Mondial 2009 - For\u00eat.Nature\" \/>\n<meta property=\"og:description\" content=\"Du 18 au 23 octobre s\u2019est tenu le 13\u1d49 Congr\u00e8s Forestier Mondial en Argentine. Il s\u2019agissait de la treizi\u00e8me \u00e9dition de ce congr\u00e8s qui a lieu tous les 6 ans et regroupe plus de sept mille participants provenant de cent soixante pays. Le congr\u00e8s s\u2019articulait autour de sept th\u00e8mes : for\u00eats et biodiversit\u00e9, produire pour [&hellip;]\" \/>\n<meta property=\"og:url\" content=\"https:\/\/foretnature.be\/en\/article-foret-nature\/echos-du-congres-forestier-mondial-2009\/\" \/>\n<meta property=\"og:site_name\" content=\"For\u00eat.Nature\" \/>\n<meta name=\"twitter:card\" content=\"summary_large_image\" \/>\n<meta name=\"twitter:label1\" content=\"Estimated reading time\" \/>\n\t<meta name=\"twitter:data1\" content=\"2 minutes\" \/>\n<script type=\"application\/ld+json\" class=\"yoast-schema-graph\">{\"@context\":\"https:\/\/schema.org\",\"@graph\":[{\"@type\":\"WebPage\",\"@id\":\"https:\/\/foretnature.be\/article-foret-nature\/echos-du-congres-forestier-mondial-2009\/\",\"url\":\"https:\/\/foretnature.be\/article-foret-nature\/echos-du-congres-forestier-mondial-2009\/\",\"name\":\"\u00c9chos du Congr\u00e8s Forestier Mondial 2009 - For\u00eat.Nature\",\"isPartOf\":{\"@id\":\"https:\/\/foretnature.be\/en\/#website\"},\"datePublished\":\"2024-10-23T14:40:48+00:00\",\"dateModified\":\"2024-10-23T14:40:48+00:00\",\"breadcrumb\":{\"@id\":\"https:\/\/foretnature.be\/article-foret-nature\/echos-du-congres-forestier-mondial-2009\/#breadcrumb\"},\"inLanguage\":\"en-GB\",\"potentialAction\":[{\"@type\":\"ReadAction\",\"target\":[\"https:\/\/foretnature.be\/article-foret-nature\/echos-du-congres-forestier-mondial-2009\/\"]}]},{\"@type\":\"BreadcrumbList\",\"@id\":\"https:\/\/foretnature.be\/article-foret-nature\/echos-du-congres-forestier-mondial-2009\/#breadcrumb\",\"itemListElement\":[{\"@type\":\"ListItem\",\"position\":1,\"name\":\"Home\",\"item\":\"https:\/\/foretnature.be\/en\/\"},{\"@type\":\"ListItem\",\"position\":2,\"name\":\"\u00c9chos du Congr\u00e8s Forestier Mondial 2009\"}]},{\"@type\":\"WebSite\",\"@id\":\"https:\/\/foretnature.be\/en\/#website\",\"url\":\"https:\/\/foretnature.be\/en\/\",\"name\":\"For\u00eat.Nature\",\"description\":\"Une \u00e9quipe technique au service de la for\u00eat\",\"publisher\":{\"@id\":\"https:\/\/foretnature.be\/en\/#organization\"},\"potentialAction\":[{\"@type\":\"SearchAction\",\"target\":{\"@type\":\"EntryPoint\",\"urlTemplate\":\"https:\/\/foretnature.be\/en\/?s={search_term_string}\"},\"query-input\":\"required name=search_term_string\"}],\"inLanguage\":\"en-GB\"},{\"@type\":\"Organization\",\"@id\":\"https:\/\/foretnature.be\/en\/#organization\",\"name\":\"For\u00eat.Nature\",\"url\":\"https:\/\/foretnature.be\/en\/\",\"logo\":{\"@type\":\"ImageObject\",\"inLanguage\":\"en-GB\",\"@id\":\"https:\/\/foretnature.be\/en\/#\/schema\/logo\/image\/\",\"url\":\"https:\/\/foretnature.be\/wp-content\/uploads\/2021\/01\/logoFOblanc.png\",\"contentUrl\":\"https:\/\/foretnature.be\/wp-content\/uploads\/2021\/01\/logoFOblanc.png\",\"width\":300,\"height\":151,\"caption\":\"For\u00eat.Nature\"},\"image\":{\"@id\":\"https:\/\/foretnature.be\/en\/#\/schema\/logo\/image\/\"}}]}<\/script>\n<!-- \/ Yoast SEO plugin. -->","yoast_head_json":{"title":"\u00c9chos du Congr\u00e8s Forestier Mondial 2009 - For\u00eat.Nature","robots":{"index":"index","follow":"follow","max-snippet":"max-snippet:-1","max-image-preview":"max-image-preview:large","max-video-preview":"max-video-preview:-1"},"canonical":"https:\/\/foretnature.be\/en\/article-foret-nature\/echos-du-congres-forestier-mondial-2009\/","og_locale":"en_GB","og_type":"article","og_title":"\u00c9chos du Congr\u00e8s Forestier Mondial 2009 - For\u00eat.Nature","og_description":"Du 18 au 23 octobre s\u2019est tenu le 13\u1d49 Congr\u00e8s Forestier Mondial en Argentine. Il s\u2019agissait de la treizi\u00e8me \u00e9dition de ce congr\u00e8s qui a lieu tous les 6 ans et regroupe plus de sept mille participants provenant de cent soixante pays. Le congr\u00e8s s\u2019articulait autour de sept th\u00e8mes : for\u00eats et biodiversit\u00e9, produire pour [&hellip;]","og_url":"https:\/\/foretnature.be\/en\/article-foret-nature\/echos-du-congres-forestier-mondial-2009\/","og_site_name":"For\u00eat.Nature","twitter_card":"summary_large_image","twitter_misc":{"Estimated reading time":"2 minutes"},"schema":{"@context":"https:\/\/schema.org","@graph":[{"@type":"WebPage","@id":"https:\/\/foretnature.be\/article-foret-nature\/echos-du-congres-forestier-mondial-2009\/","url":"https:\/\/foretnature.be\/article-foret-nature\/echos-du-congres-forestier-mondial-2009\/","name":"\u00c9chos du Congr\u00e8s Forestier Mondial 2009 - For\u00eat.Nature","isPartOf":{"@id":"https:\/\/foretnature.be\/en\/#website"},"datePublished":"2024-10-23T14:40:48+00:00","dateModified":"2024-10-23T14:40:48+00:00","breadcrumb":{"@id":"https:\/\/foretnature.be\/article-foret-nature\/echos-du-congres-forestier-mondial-2009\/#breadcrumb"},"inLanguage":"en-GB","potentialAction":[{"@type":"ReadAction","target":["https:\/\/foretnature.be\/article-foret-nature\/echos-du-congres-forestier-mondial-2009\/"]}]},{"@type":"BreadcrumbList","@id":"https:\/\/foretnature.be\/article-foret-nature\/echos-du-congres-forestier-mondial-2009\/#breadcrumb","itemListElement":[{"@type":"ListItem","position":1,"name":"Home","item":"https:\/\/foretnature.be\/en\/"},{"@type":"ListItem","position":2,"name":"\u00c9chos du Congr\u00e8s Forestier Mondial 2009"}]},{"@type":"WebSite","@id":"https:\/\/foretnature.be\/en\/#website","url":"https:\/\/foretnature.be\/en\/","name":"For\u00eat.Nature","description":"Une \u00e9quipe technique au service de la for\u00eat","publisher":{"@id":"https:\/\/foretnature.be\/en\/#organization"},"potentialAction":[{"@type":"SearchAction","target":{"@type":"EntryPoint","urlTemplate":"https:\/\/foretnature.be\/en\/?s={search_term_string}"},"query-input":"required name=search_term_string"}],"inLanguage":"en-GB"},{"@type":"Organization","@id":"https:\/\/foretnature.be\/en\/#organization","name":"For\u00eat.Nature","url":"https:\/\/foretnature.be\/en\/","logo":{"@type":"ImageObject","inLanguage":"en-GB","@id":"https:\/\/foretnature.be\/en\/#\/schema\/logo\/image\/","url":"https:\/\/foretnature.be\/wp-content\/uploads\/2021\/01\/logoFOblanc.png","contentUrl":"https:\/\/foretnature.be\/wp-content\/uploads\/2021\/01\/logoFOblanc.png","width":300,"height":151,"caption":"For\u00eat.Nature"},"image":{"@id":"https:\/\/foretnature.be\/en\/#\/schema\/logo\/image\/"}}]}},"_links":{"self":[{"href":"https:\/\/foretnature.be\/en\/wp-json\/wp\/v2\/article-foret-nature\/44170"}],"collection":[{"href":"https:\/\/foretnature.be\/en\/wp-json\/wp\/v2\/article-foret-nature"}],"about":[{"href":"https:\/\/foretnature.be\/en\/wp-json\/wp\/v2\/types\/article-foret-nature"}],"wp:attachment":[{"href":"https:\/\/foretnature.be\/en\/wp-json\/wp\/v2\/media?parent=44170"}],"wp:term":[{"taxonomy":"category","embeddable":true,"href":"https:\/\/foretnature.be\/en\/wp-json\/wp\/v2\/categories?post=44170"}],"curies":[{"name":"wp","href":"https:\/\/api.w.org\/{rel}","templated":true}]}}