{"id":41433,"date":"2024-09-30T16:43:13","date_gmt":"2024-09-30T14:43:13","guid":{"rendered":"https:\/\/foretnature.be\/?post_type=article-foret-nature&#038;p=41433"},"modified":"2024-09-30T16:43:13","modified_gmt":"2024-09-30T14:43:13","slug":"nouvelle-edition-de-la-flore-bleue-reference-pour-la-belgique","status":"publish","type":"article-foret-nature","link":"https:\/\/foretnature.be\/en\/article-foret-nature\/nouvelle-edition-de-la-flore-bleue-reference-pour-la-belgique\/","title":{"rendered":"Nouvelle \u00e9dition de la \u00ab Flore bleue \u00bb, r\u00e9f\u00e9rence pour la Belgique"},"content":{"rendered":"<p>Le Jardin botanique de Meise publie une nouvelle \u00e9dition, la septi\u00e8me, de la \u00ab\u202fNouvelle Flore de la Belgique\u202f\u00bb et des r\u00e9gions voisines. \u00c0 chaque nouvelle \u00e9dition, le Jardin botanique prend soin de refl\u00e9ter les changements intervenus dans la r\u00e9partition, la d\u00e9nomination et la classification, ainsi que les nouvelles esp\u00e8ces v\u00e9g\u00e9tales qui se sont implant\u00e9es r\u00e9cemment.<\/p>","protected":false},"excerpt":{"rendered":"<p>Le Jardin botanique de Meise publie une nouvelle \u00e9dition, la septi\u00e8me, de la \u00ab\u202fNouvelle Flore de la Belgique\u202f\u00bb et des r\u00e9gions voisines. \u00c0 chaque nouvelle \u00e9dition, le Jardin botanique prend soin de refl\u00e9ter les changements intervenus dans la r\u00e9partition, la d\u00e9nomination et la classification, ainsi que les nouvelles esp\u00e8ces v\u00e9g\u00e9tales qui se sont implant\u00e9es r\u00e9cemment.<\/p>","protected":false},"featured_media":0,"template":"","categories":[49],"acf":[],"yoast_head":"<!-- This site is optimized with the Yoast SEO plugin v23.2 - https:\/\/yoast.com\/wordpress\/plugins\/seo\/ -->\n<title>Nouvelle \u00e9dition de la \u00ab Flore bleue \u00bb, r\u00e9f\u00e9rence pour la Belgique - For\u00eat.Nature<\/title>\n<meta name=\"robots\" content=\"index, follow, max-snippet:-1, max-image-preview:large, max-video-preview:-1\" \/>\n<link rel=\"canonical\" href=\"https:\/\/foretnature.be\/en\/article-foret-nature\/nouvelle-edition-de-la-flore-bleue-reference-pour-la-belgique\/\" \/>\n<meta property=\"og:locale\" content=\"en_GB\" \/>\n<meta property=\"og:type\" content=\"article\" \/>\n<meta property=\"og:title\" content=\"Nouvelle \u00e9dition de la \u00ab Flore bleue \u00bb, r\u00e9f\u00e9rence pour la Belgique - For\u00eat.Nature\" \/>\n<meta property=\"og:description\" content=\"Le Jardin botanique de Meise publie une nouvelle \u00e9dition, la septi\u00e8me, de la \u00ab\u202fNouvelle Flore de la Belgique\u202f\u00bb et des r\u00e9gions voisines. \u00c0 chaque nouvelle \u00e9dition, le Jardin botanique prend soin de refl\u00e9ter les changements intervenus dans la r\u00e9partition, la d\u00e9nomination et la classification, ainsi que les nouvelles esp\u00e8ces v\u00e9g\u00e9tales qui se sont implant\u00e9es r\u00e9cemment.\" \/>\n<meta property=\"og:url\" content=\"https:\/\/foretnature.be\/en\/article-foret-nature\/nouvelle-edition-de-la-flore-bleue-reference-pour-la-belgique\/\" \/>\n<meta property=\"og:site_name\" content=\"For\u00eat.Nature\" \/>\n<meta name=\"twitter:card\" content=\"summary_large_image\" \/>\n<meta name=\"twitter:label1\" content=\"Estimated reading time\" \/>\n\t<meta name=\"twitter:data1\" content=\"1 minute\" \/>\n<script type=\"application\/ld+json\" class=\"yoast-schema-graph\">{\"@context\":\"https:\/\/schema.org\",\"@graph\":[{\"@type\":\"WebPage\",\"@id\":\"https:\/\/foretnature.be\/en\/article-foret-nature\/nouvelle-edition-de-la-flore-bleue-reference-pour-la-belgique\/\",\"url\":\"https:\/\/foretnature.be\/en\/article-foret-nature\/nouvelle-edition-de-la-flore-bleue-reference-pour-la-belgique\/\",\"name\":\"Nouvelle \u00e9dition de la \u00ab Flore bleue \u00bb, r\u00e9f\u00e9rence pour la Belgique - For\u00eat.Nature\",\"isPartOf\":{\"@id\":\"https:\/\/foretnature.be\/en\/#website\"},\"datePublished\":\"2024-09-30T14:43:13+00:00\",\"dateModified\":\"2024-09-30T14:43:13+00:00\",\"breadcrumb\":{\"@id\":\"https:\/\/foretnature.be\/en\/article-foret-nature\/nouvelle-edition-de-la-flore-bleue-reference-pour-la-belgique\/#breadcrumb\"},\"inLanguage\":\"en-GB\",\"potentialAction\":[{\"@type\":\"ReadAction\",\"target\":[\"https:\/\/foretnature.be\/en\/article-foret-nature\/nouvelle-edition-de-la-flore-bleue-reference-pour-la-belgique\/\"]}]},{\"@type\":\"BreadcrumbList\",\"@id\":\"https:\/\/foretnature.be\/en\/article-foret-nature\/nouvelle-edition-de-la-flore-bleue-reference-pour-la-belgique\/#breadcrumb\",\"itemListElement\":[{\"@type\":\"ListItem\",\"position\":1,\"name\":\"Home\",\"item\":\"https:\/\/foretnature.be\/en\/\"},{\"@type\":\"ListItem\",\"position\":2,\"name\":\"Nouvelle \u00e9dition de la \u00ab Flore bleue \u00bb, r\u00e9f\u00e9rence pour la Belgique\"}]},{\"@type\":\"WebSite\",\"@id\":\"https:\/\/foretnature.be\/en\/#website\",\"url\":\"https:\/\/foretnature.be\/en\/\",\"name\":\"For\u00eat.Nature\",\"description\":\"Une \u00e9quipe technique au service de la for\u00eat\",\"publisher\":{\"@id\":\"https:\/\/foretnature.be\/en\/#organization\"},\"potentialAction\":[{\"@type\":\"SearchAction\",\"target\":{\"@type\":\"EntryPoint\",\"urlTemplate\":\"https:\/\/foretnature.be\/en\/?s={search_term_string}\"},\"query-input\":\"required name=search_term_string\"}],\"inLanguage\":\"en-GB\"},{\"@type\":\"Organization\",\"@id\":\"https:\/\/foretnature.be\/en\/#organization\",\"name\":\"For\u00eat.Nature\",\"url\":\"https:\/\/foretnature.be\/en\/\",\"logo\":{\"@type\":\"ImageObject\",\"inLanguage\":\"en-GB\",\"@id\":\"https:\/\/foretnature.be\/en\/#\/schema\/logo\/image\/\",\"url\":\"https:\/\/foretnature.be\/wp-content\/uploads\/2021\/01\/logoFOblanc.png\",\"contentUrl\":\"https:\/\/foretnature.be\/wp-content\/uploads\/2021\/01\/logoFOblanc.png\",\"width\":300,\"height\":151,\"caption\":\"For\u00eat.Nature\"},\"image\":{\"@id\":\"https:\/\/foretnature.be\/en\/#\/schema\/logo\/image\/\"}}]}<\/script>\n<!-- \/ Yoast SEO plugin. -->","yoast_head_json":{"title":"Nouvelle \u00e9dition de la \u00ab Flore bleue \u00bb, r\u00e9f\u00e9rence pour la Belgique - For\u00eat.Nature","robots":{"index":"index","follow":"follow","max-snippet":"max-snippet:-1","max-image-preview":"max-image-preview:large","max-video-preview":"max-video-preview:-1"},"canonical":"https:\/\/foretnature.be\/en\/article-foret-nature\/nouvelle-edition-de-la-flore-bleue-reference-pour-la-belgique\/","og_locale":"en_GB","og_type":"article","og_title":"Nouvelle \u00e9dition de la \u00ab Flore bleue \u00bb, r\u00e9f\u00e9rence pour la Belgique - For\u00eat.Nature","og_description":"Le Jardin botanique de Meise publie une nouvelle \u00e9dition, la septi\u00e8me, de la \u00ab\u202fNouvelle Flore de la Belgique\u202f\u00bb et des r\u00e9gions voisines. \u00c0 chaque nouvelle \u00e9dition, le Jardin botanique prend soin de refl\u00e9ter les changements intervenus dans la r\u00e9partition, la d\u00e9nomination et la classification, ainsi que les nouvelles esp\u00e8ces v\u00e9g\u00e9tales qui se sont implant\u00e9es r\u00e9cemment.","og_url":"https:\/\/foretnature.be\/en\/article-foret-nature\/nouvelle-edition-de-la-flore-bleue-reference-pour-la-belgique\/","og_site_name":"For\u00eat.Nature","twitter_card":"summary_large_image","twitter_misc":{"Estimated reading time":"1 minute"},"schema":{"@context":"https:\/\/schema.org","@graph":[{"@type":"WebPage","@id":"https:\/\/foretnature.be\/en\/article-foret-nature\/nouvelle-edition-de-la-flore-bleue-reference-pour-la-belgique\/","url":"https:\/\/foretnature.be\/en\/article-foret-nature\/nouvelle-edition-de-la-flore-bleue-reference-pour-la-belgique\/","name":"Nouvelle \u00e9dition de la \u00ab Flore bleue \u00bb, r\u00e9f\u00e9rence pour la Belgique - For\u00eat.Nature","isPartOf":{"@id":"https:\/\/foretnature.be\/en\/#website"},"datePublished":"2024-09-30T14:43:13+00:00","dateModified":"2024-09-30T14:43:13+00:00","breadcrumb":{"@id":"https:\/\/foretnature.be\/en\/article-foret-nature\/nouvelle-edition-de-la-flore-bleue-reference-pour-la-belgique\/#breadcrumb"},"inLanguage":"en-GB","potentialAction":[{"@type":"ReadAction","target":["https:\/\/foretnature.be\/en\/article-foret-nature\/nouvelle-edition-de-la-flore-bleue-reference-pour-la-belgique\/"]}]},{"@type":"BreadcrumbList","@id":"https:\/\/foretnature.be\/en\/article-foret-nature\/nouvelle-edition-de-la-flore-bleue-reference-pour-la-belgique\/#breadcrumb","itemListElement":[{"@type":"ListItem","position":1,"name":"Home","item":"https:\/\/foretnature.be\/en\/"},{"@type":"ListItem","position":2,"name":"Nouvelle \u00e9dition de la \u00ab Flore bleue \u00bb, r\u00e9f\u00e9rence pour la Belgique"}]},{"@type":"WebSite","@id":"https:\/\/foretnature.be\/en\/#website","url":"https:\/\/foretnature.be\/en\/","name":"For\u00eat.Nature","description":"Une \u00e9quipe technique au service de la for\u00eat","publisher":{"@id":"https:\/\/foretnature.be\/en\/#organization"},"potentialAction":[{"@type":"SearchAction","target":{"@type":"EntryPoint","urlTemplate":"https:\/\/foretnature.be\/en\/?s={search_term_string}"},"query-input":"required name=search_term_string"}],"inLanguage":"en-GB"},{"@type":"Organization","@id":"https:\/\/foretnature.be\/en\/#organization","name":"For\u00eat.Nature","url":"https:\/\/foretnature.be\/en\/","logo":{"@type":"ImageObject","inLanguage":"en-GB","@id":"https:\/\/foretnature.be\/en\/#\/schema\/logo\/image\/","url":"https:\/\/foretnature.be\/wp-content\/uploads\/2021\/01\/logoFOblanc.png","contentUrl":"https:\/\/foretnature.be\/wp-content\/uploads\/2021\/01\/logoFOblanc.png","width":300,"height":151,"caption":"For\u00eat.Nature"},"image":{"@id":"https:\/\/foretnature.be\/en\/#\/schema\/logo\/image\/"}}]}},"_links":{"self":[{"href":"https:\/\/foretnature.be\/en\/wp-json\/wp\/v2\/article-foret-nature\/41433"}],"collection":[{"href":"https:\/\/foretnature.be\/en\/wp-json\/wp\/v2\/article-foret-nature"}],"about":[{"href":"https:\/\/foretnature.be\/en\/wp-json\/wp\/v2\/types\/article-foret-nature"}],"wp:attachment":[{"href":"https:\/\/foretnature.be\/en\/wp-json\/wp\/v2\/media?parent=41433"}],"wp:term":[{"taxonomy":"category","embeddable":true,"href":"https:\/\/foretnature.be\/en\/wp-json\/wp\/v2\/categories?post=41433"}],"curies":[{"name":"wp","href":"https:\/\/api.w.org\/{rel}","templated":true}]}}