{"id":40978,"date":"2024-04-10T15:05:40","date_gmt":"2024-04-10T13:05:40","guid":{"rendered":"https:\/\/foretnature.be\/?post_type=article-foret-nature&#038;p=40978"},"modified":"2024-05-17T15:59:48","modified_gmt":"2024-05-17T13:59:48","slug":"guide-des-stations-forestieres-dardenne","status":"publish","type":"article-foret-nature","link":"https:\/\/foretnature.be\/en\/article-foret-nature\/guide-des-stations-forestieres-dardenne\/","title":{"rendered":"Guide des stations foresti\u00e8res d\u2019Ardenne"},"content":{"rendered":"<p>\u00c0 l\u2019heure o\u00f9 les forestiers s\u2019interrogent sur la sylviculture \u00e0 mener face aux changements climatiques, le Guide des stations d\u2019Ardenne apporte un \u00e9clairage sur les potentialit\u00e9s et sensibilit\u00e9s sylvicoles de 17 grands types de stations ardennaises, depuis la tourbi\u00e8re jusqu\u2019au versant chaud au sol superficiel, et y associe des conseils de sylviculture et des suggestions de choix d\u2019essences.<\/p>","protected":false},"excerpt":{"rendered":"<p>\u00c0 l\u2019heure o\u00f9 les forestiers s\u2019interrogent sur la sylviculture \u00e0 mener face aux changements climatiques, le Guide des stations d\u2019Ardenne apporte un \u00e9clairage sur les potentialit\u00e9s et sensibilit\u00e9s sylvicoles de 17 grands types de stations ardennaises, depuis la tourbi\u00e8re jusqu\u2019au versant chaud au sol superficiel, et y associe des conseils de sylviculture et des suggestions [&hellip;]<\/p>","protected":false},"featured_media":0,"template":"","categories":[49],"acf":[],"yoast_head":"<!-- This site is optimized with the Yoast SEO plugin v23.2 - https:\/\/yoast.com\/wordpress\/plugins\/seo\/ -->\n<title>Guide des stations foresti\u00e8res d\u2019Ardenne - For\u00eat.Nature<\/title>\n<meta name=\"robots\" content=\"index, follow, max-snippet:-1, max-image-preview:large, max-video-preview:-1\" \/>\n<link rel=\"canonical\" href=\"https:\/\/foretnature.be\/en\/article-foret-nature\/guide-des-stations-forestieres-dardenne\/\" \/>\n<meta property=\"og:locale\" content=\"en_GB\" \/>\n<meta property=\"og:type\" content=\"article\" \/>\n<meta property=\"og:title\" content=\"Guide des stations foresti\u00e8res d\u2019Ardenne - For\u00eat.Nature\" \/>\n<meta property=\"og:description\" content=\"\u00c0 l\u2019heure o\u00f9 les forestiers s\u2019interrogent sur la sylviculture \u00e0 mener face aux changements climatiques, le Guide des stations d\u2019Ardenne apporte un \u00e9clairage sur les potentialit\u00e9s et sensibilit\u00e9s sylvicoles de 17 grands types de stations ardennaises, depuis la tourbi\u00e8re jusqu\u2019au versant chaud au sol superficiel, et y associe des conseils de sylviculture et des suggestions [&hellip;]\" \/>\n<meta property=\"og:url\" content=\"https:\/\/foretnature.be\/en\/article-foret-nature\/guide-des-stations-forestieres-dardenne\/\" \/>\n<meta property=\"og:site_name\" content=\"For\u00eat.Nature\" \/>\n<meta property=\"article:modified_time\" content=\"2024-05-17T13:59:48+00:00\" \/>\n<meta name=\"twitter:card\" content=\"summary_large_image\" \/>\n<meta name=\"twitter:label1\" content=\"Estimated reading time\" \/>\n\t<meta name=\"twitter:data1\" content=\"1 minute\" \/>\n<script type=\"application\/ld+json\" class=\"yoast-schema-graph\">{\"@context\":\"https:\/\/schema.org\",\"@graph\":[{\"@type\":\"WebPage\",\"@id\":\"https:\/\/foretnature.be\/article-foret-nature\/guide-des-stations-forestieres-dardenne\/\",\"url\":\"https:\/\/foretnature.be\/article-foret-nature\/guide-des-stations-forestieres-dardenne\/\",\"name\":\"Guide des stations foresti\u00e8res d\u2019Ardenne - For\u00eat.Nature\",\"isPartOf\":{\"@id\":\"https:\/\/foretnature.be\/#website\"},\"datePublished\":\"2024-04-10T13:05:40+00:00\",\"dateModified\":\"2024-05-17T13:59:48+00:00\",\"breadcrumb\":{\"@id\":\"https:\/\/foretnature.be\/article-foret-nature\/guide-des-stations-forestieres-dardenne\/#breadcrumb\"},\"inLanguage\":\"en-GB\",\"potentialAction\":[{\"@type\":\"ReadAction\",\"target\":[\"https:\/\/foretnature.be\/article-foret-nature\/guide-des-stations-forestieres-dardenne\/\"]}]},{\"@type\":\"BreadcrumbList\",\"@id\":\"https:\/\/foretnature.be\/article-foret-nature\/guide-des-stations-forestieres-dardenne\/#breadcrumb\",\"itemListElement\":[{\"@type\":\"ListItem\",\"position\":1,\"name\":\"Home\",\"item\":\"https:\/\/foretnature.be\/\"},{\"@type\":\"ListItem\",\"position\":2,\"name\":\"Guide des stations foresti\u00e8res d\u2019Ardenne\"}]},{\"@type\":\"WebSite\",\"@id\":\"https:\/\/foretnature.be\/#website\",\"url\":\"https:\/\/foretnature.be\/\",\"name\":\"For\u00eat.Nature\",\"description\":\"Une \u00e9quipe technique au service de la for\u00eat\",\"publisher\":{\"@id\":\"https:\/\/foretnature.be\/#organization\"},\"potentialAction\":[{\"@type\":\"SearchAction\",\"target\":{\"@type\":\"EntryPoint\",\"urlTemplate\":\"https:\/\/foretnature.be\/?s={search_term_string}\"},\"query-input\":\"required name=search_term_string\"}],\"inLanguage\":\"en-GB\"},{\"@type\":\"Organization\",\"@id\":\"https:\/\/foretnature.be\/#organization\",\"name\":\"For\u00eat.Nature\",\"url\":\"https:\/\/foretnature.be\/\",\"logo\":{\"@type\":\"ImageObject\",\"inLanguage\":\"en-GB\",\"@id\":\"https:\/\/foretnature.be\/#\/schema\/logo\/image\/\",\"url\":\"https:\/\/foretnature.be\/wp-content\/uploads\/2021\/01\/logoFOblanc.png\",\"contentUrl\":\"https:\/\/foretnature.be\/wp-content\/uploads\/2021\/01\/logoFOblanc.png\",\"width\":300,\"height\":151,\"caption\":\"For\u00eat.Nature\"},\"image\":{\"@id\":\"https:\/\/foretnature.be\/#\/schema\/logo\/image\/\"}}]}<\/script>\n<!-- \/ Yoast SEO plugin. -->","yoast_head_json":{"title":"Guide des stations foresti\u00e8res d\u2019Ardenne - For\u00eat.Nature","robots":{"index":"index","follow":"follow","max-snippet":"max-snippet:-1","max-image-preview":"max-image-preview:large","max-video-preview":"max-video-preview:-1"},"canonical":"https:\/\/foretnature.be\/en\/article-foret-nature\/guide-des-stations-forestieres-dardenne\/","og_locale":"en_GB","og_type":"article","og_title":"Guide des stations foresti\u00e8res d\u2019Ardenne - For\u00eat.Nature","og_description":"\u00c0 l\u2019heure o\u00f9 les forestiers s\u2019interrogent sur la sylviculture \u00e0 mener face aux changements climatiques, le Guide des stations d\u2019Ardenne apporte un \u00e9clairage sur les potentialit\u00e9s et sensibilit\u00e9s sylvicoles de 17 grands types de stations ardennaises, depuis la tourbi\u00e8re jusqu\u2019au versant chaud au sol superficiel, et y associe des conseils de sylviculture et des suggestions [&hellip;]","og_url":"https:\/\/foretnature.be\/en\/article-foret-nature\/guide-des-stations-forestieres-dardenne\/","og_site_name":"For\u00eat.Nature","article_modified_time":"2024-05-17T13:59:48+00:00","twitter_card":"summary_large_image","twitter_misc":{"Estimated reading time":"1 minute"},"schema":{"@context":"https:\/\/schema.org","@graph":[{"@type":"WebPage","@id":"https:\/\/foretnature.be\/article-foret-nature\/guide-des-stations-forestieres-dardenne\/","url":"https:\/\/foretnature.be\/article-foret-nature\/guide-des-stations-forestieres-dardenne\/","name":"Guide des stations foresti\u00e8res d\u2019Ardenne - For\u00eat.Nature","isPartOf":{"@id":"https:\/\/foretnature.be\/#website"},"datePublished":"2024-04-10T13:05:40+00:00","dateModified":"2024-05-17T13:59:48+00:00","breadcrumb":{"@id":"https:\/\/foretnature.be\/article-foret-nature\/guide-des-stations-forestieres-dardenne\/#breadcrumb"},"inLanguage":"en-GB","potentialAction":[{"@type":"ReadAction","target":["https:\/\/foretnature.be\/article-foret-nature\/guide-des-stations-forestieres-dardenne\/"]}]},{"@type":"BreadcrumbList","@id":"https:\/\/foretnature.be\/article-foret-nature\/guide-des-stations-forestieres-dardenne\/#breadcrumb","itemListElement":[{"@type":"ListItem","position":1,"name":"Home","item":"https:\/\/foretnature.be\/"},{"@type":"ListItem","position":2,"name":"Guide des stations foresti\u00e8res d\u2019Ardenne"}]},{"@type":"WebSite","@id":"https:\/\/foretnature.be\/#website","url":"https:\/\/foretnature.be\/","name":"For\u00eat.Nature","description":"Une \u00e9quipe technique au service de la for\u00eat","publisher":{"@id":"https:\/\/foretnature.be\/#organization"},"potentialAction":[{"@type":"SearchAction","target":{"@type":"EntryPoint","urlTemplate":"https:\/\/foretnature.be\/?s={search_term_string}"},"query-input":"required name=search_term_string"}],"inLanguage":"en-GB"},{"@type":"Organization","@id":"https:\/\/foretnature.be\/#organization","name":"For\u00eat.Nature","url":"https:\/\/foretnature.be\/","logo":{"@type":"ImageObject","inLanguage":"en-GB","@id":"https:\/\/foretnature.be\/#\/schema\/logo\/image\/","url":"https:\/\/foretnature.be\/wp-content\/uploads\/2021\/01\/logoFOblanc.png","contentUrl":"https:\/\/foretnature.be\/wp-content\/uploads\/2021\/01\/logoFOblanc.png","width":300,"height":151,"caption":"For\u00eat.Nature"},"image":{"@id":"https:\/\/foretnature.be\/#\/schema\/logo\/image\/"}}]}},"_links":{"self":[{"href":"https:\/\/foretnature.be\/en\/wp-json\/wp\/v2\/article-foret-nature\/40978"}],"collection":[{"href":"https:\/\/foretnature.be\/en\/wp-json\/wp\/v2\/article-foret-nature"}],"about":[{"href":"https:\/\/foretnature.be\/en\/wp-json\/wp\/v2\/types\/article-foret-nature"}],"wp:attachment":[{"href":"https:\/\/foretnature.be\/en\/wp-json\/wp\/v2\/media?parent=40978"}],"wp:term":[{"taxonomy":"category","embeddable":true,"href":"https:\/\/foretnature.be\/en\/wp-json\/wp\/v2\/categories?post=40978"}],"curies":[{"name":"wp","href":"https:\/\/api.w.org\/{rel}","templated":true}]}}