{"id":37192,"date":"2022-08-16T13:32:31","date_gmt":"2022-08-16T11:32:31","guid":{"rendered":"https:\/\/foretnature.be\/?post_type=article-foret-nature&#038;p=37192"},"modified":"2024-10-24T10:30:23","modified_gmt":"2024-10-24T08:30:23","slug":"portfolio-paysages-et-nature-des-parcs-naturels-de-wallonie","status":"publish","type":"article-foret-nature","link":"https:\/\/foretnature.be\/en\/article-foret-nature\/portfolio-paysages-et-nature-des-parcs-naturels-de-wallonie\/","title":{"rendered":"Portfolio. Paysages et Nature des Parcs naturels de Wallonie"},"content":{"rendered":"<p>La F\u00e9d\u00e9ration des Parcs naturels de Wallonie a demand\u00e9 \u00e0 Thomas Meunier de r\u00e9aliser\u00a0une trentaine de photos par Parc naturel\u00a0montrant leur identit\u00e9, leurs paysages, leurs particularit\u00e9s naturelles ou g\u00e9ologiques.\u00a0Thomas, photographe animalier autodidacte et grand passionn\u00e9 de nature,\u00a0conna\u00eet d\u00e9j\u00e0 bien les Parcs\u00a0naturels, il a pu en capter les instants, les lumi\u00e8res, les ambiances\u2026 Le r\u00e9sultat, ce sont plus de 100 magnifiques photos par\u00a0Parc, tr\u00e8s vari\u00e9es, certaines pr\u00e9sentant des points de vue bien connus pris sous un autre angle, avec des lumi\u00e8res du petit matin ou de la fin de\u00a0journ\u00e9e. Ces\u00a0photos montrent la beaut\u00e9 des Parcs naturels, des territoires proches de nous, elles illustrent parfaitement l\u2019id\u00e9e qu\u2019il ne faut pas aller loin pour\u00a0contempler, vivre l\u2019aventure, r\u00eaver\u2026<\/p>\n<p>&nbsp;<\/p>","protected":false},"excerpt":{"rendered":"<p>La F\u00e9d\u00e9ration des Parcs naturels de Wallonie a demand\u00e9 \u00e0 Thomas Meunier de r\u00e9aliser\u00a0une trentaine de photos par Parc naturel\u00a0montrant leur identit\u00e9, leurs paysages, leurs particularit\u00e9s naturelles ou g\u00e9ologiques.\u00a0Thomas, photographe animalier autodidacte et grand passionn\u00e9 de nature,\u00a0conna\u00eet d\u00e9j\u00e0 bien les Parcs\u00a0naturels, il a pu en capter les instants, les lumi\u00e8res, les ambiances\u2026 Le r\u00e9sultat, ce [&hellip;]<\/p>","protected":false},"featured_media":0,"template":"","categories":[49],"acf":[],"yoast_head":"<!-- This site is optimized with the Yoast SEO plugin v23.2 - https:\/\/yoast.com\/wordpress\/plugins\/seo\/ -->\n<title>Portfolio. Paysages et Nature des Parcs naturels de Wallonie - For\u00eat.Nature<\/title>\n<meta name=\"robots\" content=\"index, follow, max-snippet:-1, max-image-preview:large, max-video-preview:-1\" \/>\n<link rel=\"canonical\" href=\"https:\/\/foretnature.be\/en\/article-foret-nature\/portfolio-paysages-et-nature-des-parcs-naturels-de-wallonie\/\" \/>\n<meta property=\"og:locale\" content=\"en_GB\" \/>\n<meta property=\"og:type\" content=\"article\" \/>\n<meta property=\"og:title\" content=\"Portfolio. Paysages et Nature des Parcs naturels de Wallonie - For\u00eat.Nature\" \/>\n<meta property=\"og:description\" content=\"La F\u00e9d\u00e9ration des Parcs naturels de Wallonie a demand\u00e9 \u00e0 Thomas Meunier de r\u00e9aliser\u00a0une trentaine de photos par Parc naturel\u00a0montrant leur identit\u00e9, leurs paysages, leurs particularit\u00e9s naturelles ou g\u00e9ologiques.\u00a0Thomas, photographe animalier autodidacte et grand passionn\u00e9 de nature,\u00a0conna\u00eet d\u00e9j\u00e0 bien les Parcs\u00a0naturels, il a pu en capter les instants, les lumi\u00e8res, les ambiances\u2026 Le r\u00e9sultat, ce [&hellip;]\" \/>\n<meta property=\"og:url\" content=\"https:\/\/foretnature.be\/en\/article-foret-nature\/portfolio-paysages-et-nature-des-parcs-naturels-de-wallonie\/\" \/>\n<meta property=\"og:site_name\" content=\"For\u00eat.Nature\" \/>\n<meta property=\"article:modified_time\" content=\"2024-10-24T08:30:23+00:00\" \/>\n<meta name=\"twitter:card\" content=\"summary_large_image\" \/>\n<meta name=\"twitter:label1\" content=\"Estimated reading time\" \/>\n\t<meta name=\"twitter:data1\" content=\"1 minute\" \/>\n<script type=\"application\/ld+json\" class=\"yoast-schema-graph\">{\"@context\":\"https:\/\/schema.org\",\"@graph\":[{\"@type\":\"WebPage\",\"@id\":\"http:\/\/foretnature.be\/article-foret-nature\/portfolio-paysages-et-nature-des-parcs-naturels-de-wallonie\/\",\"url\":\"http:\/\/foretnature.be\/article-foret-nature\/portfolio-paysages-et-nature-des-parcs-naturels-de-wallonie\/\",\"name\":\"Portfolio. Paysages et Nature des Parcs naturels de Wallonie - For\u00eat.Nature\",\"isPartOf\":{\"@id\":\"https:\/\/foretnature.be\/en\/#website\"},\"datePublished\":\"2022-08-16T11:32:31+00:00\",\"dateModified\":\"2024-10-24T08:30:23+00:00\",\"breadcrumb\":{\"@id\":\"http:\/\/foretnature.be\/article-foret-nature\/portfolio-paysages-et-nature-des-parcs-naturels-de-wallonie\/#breadcrumb\"},\"inLanguage\":\"en-GB\",\"potentialAction\":[{\"@type\":\"ReadAction\",\"target\":[\"http:\/\/foretnature.be\/article-foret-nature\/portfolio-paysages-et-nature-des-parcs-naturels-de-wallonie\/\"]}]},{\"@type\":\"BreadcrumbList\",\"@id\":\"http:\/\/foretnature.be\/article-foret-nature\/portfolio-paysages-et-nature-des-parcs-naturels-de-wallonie\/#breadcrumb\",\"itemListElement\":[{\"@type\":\"ListItem\",\"position\":1,\"name\":\"Home\",\"item\":\"https:\/\/foretnature.be\/en\/\"},{\"@type\":\"ListItem\",\"position\":2,\"name\":\"Portfolio. Paysages et Nature des Parcs naturels de Wallonie\"}]},{\"@type\":\"WebSite\",\"@id\":\"https:\/\/foretnature.be\/en\/#website\",\"url\":\"https:\/\/foretnature.be\/en\/\",\"name\":\"For\u00eat.Nature\",\"description\":\"Une \u00e9quipe technique au service de la for\u00eat\",\"publisher\":{\"@id\":\"https:\/\/foretnature.be\/en\/#organization\"},\"potentialAction\":[{\"@type\":\"SearchAction\",\"target\":{\"@type\":\"EntryPoint\",\"urlTemplate\":\"https:\/\/foretnature.be\/en\/?s={search_term_string}\"},\"query-input\":\"required name=search_term_string\"}],\"inLanguage\":\"en-GB\"},{\"@type\":\"Organization\",\"@id\":\"https:\/\/foretnature.be\/en\/#organization\",\"name\":\"For\u00eat.Nature\",\"url\":\"https:\/\/foretnature.be\/en\/\",\"logo\":{\"@type\":\"ImageObject\",\"inLanguage\":\"en-GB\",\"@id\":\"https:\/\/foretnature.be\/en\/#\/schema\/logo\/image\/\",\"url\":\"https:\/\/foretnature.be\/wp-content\/uploads\/2021\/01\/logoFOblanc.png\",\"contentUrl\":\"https:\/\/foretnature.be\/wp-content\/uploads\/2021\/01\/logoFOblanc.png\",\"width\":300,\"height\":151,\"caption\":\"For\u00eat.Nature\"},\"image\":{\"@id\":\"https:\/\/foretnature.be\/en\/#\/schema\/logo\/image\/\"}}]}<\/script>\n<!-- \/ Yoast SEO plugin. -->","yoast_head_json":{"title":"Portfolio. Paysages et Nature des Parcs naturels de Wallonie - For\u00eat.Nature","robots":{"index":"index","follow":"follow","max-snippet":"max-snippet:-1","max-image-preview":"max-image-preview:large","max-video-preview":"max-video-preview:-1"},"canonical":"https:\/\/foretnature.be\/en\/article-foret-nature\/portfolio-paysages-et-nature-des-parcs-naturels-de-wallonie\/","og_locale":"en_GB","og_type":"article","og_title":"Portfolio. Paysages et Nature des Parcs naturels de Wallonie - For\u00eat.Nature","og_description":"La F\u00e9d\u00e9ration des Parcs naturels de Wallonie a demand\u00e9 \u00e0 Thomas Meunier de r\u00e9aliser\u00a0une trentaine de photos par Parc naturel\u00a0montrant leur identit\u00e9, leurs paysages, leurs particularit\u00e9s naturelles ou g\u00e9ologiques.\u00a0Thomas, photographe animalier autodidacte et grand passionn\u00e9 de nature,\u00a0conna\u00eet d\u00e9j\u00e0 bien les Parcs\u00a0naturels, il a pu en capter les instants, les lumi\u00e8res, les ambiances\u2026 Le r\u00e9sultat, ce [&hellip;]","og_url":"https:\/\/foretnature.be\/en\/article-foret-nature\/portfolio-paysages-et-nature-des-parcs-naturels-de-wallonie\/","og_site_name":"For\u00eat.Nature","article_modified_time":"2024-10-24T08:30:23+00:00","twitter_card":"summary_large_image","twitter_misc":{"Estimated reading time":"1 minute"},"schema":{"@context":"https:\/\/schema.org","@graph":[{"@type":"WebPage","@id":"http:\/\/foretnature.be\/article-foret-nature\/portfolio-paysages-et-nature-des-parcs-naturels-de-wallonie\/","url":"http:\/\/foretnature.be\/article-foret-nature\/portfolio-paysages-et-nature-des-parcs-naturels-de-wallonie\/","name":"Portfolio. Paysages et Nature des Parcs naturels de Wallonie - For\u00eat.Nature","isPartOf":{"@id":"https:\/\/foretnature.be\/en\/#website"},"datePublished":"2022-08-16T11:32:31+00:00","dateModified":"2024-10-24T08:30:23+00:00","breadcrumb":{"@id":"http:\/\/foretnature.be\/article-foret-nature\/portfolio-paysages-et-nature-des-parcs-naturels-de-wallonie\/#breadcrumb"},"inLanguage":"en-GB","potentialAction":[{"@type":"ReadAction","target":["http:\/\/foretnature.be\/article-foret-nature\/portfolio-paysages-et-nature-des-parcs-naturels-de-wallonie\/"]}]},{"@type":"BreadcrumbList","@id":"http:\/\/foretnature.be\/article-foret-nature\/portfolio-paysages-et-nature-des-parcs-naturels-de-wallonie\/#breadcrumb","itemListElement":[{"@type":"ListItem","position":1,"name":"Home","item":"https:\/\/foretnature.be\/en\/"},{"@type":"ListItem","position":2,"name":"Portfolio. Paysages et Nature des Parcs naturels de Wallonie"}]},{"@type":"WebSite","@id":"https:\/\/foretnature.be\/en\/#website","url":"https:\/\/foretnature.be\/en\/","name":"For\u00eat.Nature","description":"Une \u00e9quipe technique au service de la for\u00eat","publisher":{"@id":"https:\/\/foretnature.be\/en\/#organization"},"potentialAction":[{"@type":"SearchAction","target":{"@type":"EntryPoint","urlTemplate":"https:\/\/foretnature.be\/en\/?s={search_term_string}"},"query-input":"required name=search_term_string"}],"inLanguage":"en-GB"},{"@type":"Organization","@id":"https:\/\/foretnature.be\/en\/#organization","name":"For\u00eat.Nature","url":"https:\/\/foretnature.be\/en\/","logo":{"@type":"ImageObject","inLanguage":"en-GB","@id":"https:\/\/foretnature.be\/en\/#\/schema\/logo\/image\/","url":"https:\/\/foretnature.be\/wp-content\/uploads\/2021\/01\/logoFOblanc.png","contentUrl":"https:\/\/foretnature.be\/wp-content\/uploads\/2021\/01\/logoFOblanc.png","width":300,"height":151,"caption":"For\u00eat.Nature"},"image":{"@id":"https:\/\/foretnature.be\/en\/#\/schema\/logo\/image\/"}}]}},"_links":{"self":[{"href":"https:\/\/foretnature.be\/en\/wp-json\/wp\/v2\/article-foret-nature\/37192"}],"collection":[{"href":"https:\/\/foretnature.be\/en\/wp-json\/wp\/v2\/article-foret-nature"}],"about":[{"href":"https:\/\/foretnature.be\/en\/wp-json\/wp\/v2\/types\/article-foret-nature"}],"wp:attachment":[{"href":"https:\/\/foretnature.be\/en\/wp-json\/wp\/v2\/media?parent=37192"}],"wp:term":[{"taxonomy":"category","embeddable":true,"href":"https:\/\/foretnature.be\/en\/wp-json\/wp\/v2\/categories?post=37192"}],"curies":[{"name":"wp","href":"https:\/\/api.w.org\/{rel}","templated":true}]}}