{"id":37182,"date":"2022-08-16T13:26:53","date_gmt":"2022-08-16T11:26:53","guid":{"rendered":"https:\/\/foretnature.be\/?post_type=article-foret-nature&#038;p=37182"},"modified":"2024-10-24T10:30:22","modified_gmt":"2024-10-24T08:30:22","slug":"apercu-de-lappel-a-projets-foret-resiliente-ii","status":"publish","type":"article-foret-nature","link":"https:\/\/foretnature.be\/en\/article-foret-nature\/apercu-de-lappel-a-projets-foret-resiliente-ii\/","title":{"rendered":"Aper\u00e7u de l\u2019appel \u00e0 projets \u00ab For\u00eat r\u00e9siliente II \u00bb"},"content":{"rendered":"<p>Lanc\u00e9 par la Ministre C\u00e9line Tellier, en charge de l\u2019Environnement et de la For\u00eat, le projet \u00ab\u202fFor\u00eat r\u00e9siliente\u202fII \u00bb a pour objectif d\u2019encourager les propri\u00e9taires forestiers publics et priv\u00e9s \u00e0 r\u00e9fl\u00e9chir diff\u00e9remment leur gestion pour r\u00e9g\u00e9n\u00e9rer leurs for\u00eats et les orienter vers une for\u00eat plus r\u00e9siliente face \u00e0 l\u2019urgence climatique.<\/p>","protected":false},"excerpt":{"rendered":"<p>Lanc\u00e9 par la Ministre C\u00e9line Tellier, en charge de l\u2019Environnement et de la For\u00eat, le projet \u00ab\u202fFor\u00eat r\u00e9siliente\u202fII \u00bb a pour objectif d\u2019encourager les propri\u00e9taires forestiers publics et priv\u00e9s \u00e0 r\u00e9fl\u00e9chir diff\u00e9remment leur gestion pour r\u00e9g\u00e9n\u00e9rer leurs for\u00eats et les orienter vers une for\u00eat plus r\u00e9siliente face \u00e0 l\u2019urgence climatique.<\/p>","protected":false},"featured_media":0,"template":"","categories":[49],"acf":[],"yoast_head":"<!-- This site is optimized with the Yoast SEO plugin v23.2 - https:\/\/yoast.com\/wordpress\/plugins\/seo\/ -->\n<title>Aper\u00e7u de l\u2019appel \u00e0 projets \u00ab For\u00eat r\u00e9siliente II \u00bb - For\u00eat.Nature<\/title>\n<meta name=\"robots\" content=\"index, follow, max-snippet:-1, max-image-preview:large, max-video-preview:-1\" \/>\n<link rel=\"canonical\" href=\"https:\/\/foretnature.be\/en\/article-foret-nature\/apercu-de-lappel-a-projets-foret-resiliente-ii\/\" \/>\n<meta property=\"og:locale\" content=\"en_GB\" \/>\n<meta property=\"og:type\" content=\"article\" \/>\n<meta property=\"og:title\" content=\"Aper\u00e7u de l\u2019appel \u00e0 projets \u00ab For\u00eat r\u00e9siliente II \u00bb - For\u00eat.Nature\" \/>\n<meta property=\"og:description\" content=\"Lanc\u00e9 par la Ministre C\u00e9line Tellier, en charge de l\u2019Environnement et de la For\u00eat, le projet \u00ab\u202fFor\u00eat r\u00e9siliente\u202fII \u00bb a pour objectif d\u2019encourager les propri\u00e9taires forestiers publics et priv\u00e9s \u00e0 r\u00e9fl\u00e9chir diff\u00e9remment leur gestion pour r\u00e9g\u00e9n\u00e9rer leurs for\u00eats et les orienter vers une for\u00eat plus r\u00e9siliente face \u00e0 l\u2019urgence climatique.\" \/>\n<meta property=\"og:url\" content=\"https:\/\/foretnature.be\/en\/article-foret-nature\/apercu-de-lappel-a-projets-foret-resiliente-ii\/\" \/>\n<meta property=\"og:site_name\" content=\"For\u00eat.Nature\" \/>\n<meta property=\"article:modified_time\" content=\"2024-10-24T08:30:22+00:00\" \/>\n<meta name=\"twitter:card\" content=\"summary_large_image\" \/>\n<meta name=\"twitter:label1\" content=\"Estimated reading time\" \/>\n\t<meta name=\"twitter:data1\" content=\"1 minute\" \/>\n<script type=\"application\/ld+json\" class=\"yoast-schema-graph\">{\"@context\":\"https:\/\/schema.org\",\"@graph\":[{\"@type\":\"WebPage\",\"@id\":\"http:\/\/foretnature.be\/article-foret-nature\/apercu-de-lappel-a-projets-foret-resiliente-ii\/\",\"url\":\"http:\/\/foretnature.be\/article-foret-nature\/apercu-de-lappel-a-projets-foret-resiliente-ii\/\",\"name\":\"Aper\u00e7u de l\u2019appel \u00e0 projets \u00ab For\u00eat r\u00e9siliente II \u00bb - For\u00eat.Nature\",\"isPartOf\":{\"@id\":\"https:\/\/foretnature.be\/en\/#website\"},\"datePublished\":\"2022-08-16T11:26:53+00:00\",\"dateModified\":\"2024-10-24T08:30:22+00:00\",\"breadcrumb\":{\"@id\":\"http:\/\/foretnature.be\/article-foret-nature\/apercu-de-lappel-a-projets-foret-resiliente-ii\/#breadcrumb\"},\"inLanguage\":\"en-GB\",\"potentialAction\":[{\"@type\":\"ReadAction\",\"target\":[\"http:\/\/foretnature.be\/article-foret-nature\/apercu-de-lappel-a-projets-foret-resiliente-ii\/\"]}]},{\"@type\":\"BreadcrumbList\",\"@id\":\"http:\/\/foretnature.be\/article-foret-nature\/apercu-de-lappel-a-projets-foret-resiliente-ii\/#breadcrumb\",\"itemListElement\":[{\"@type\":\"ListItem\",\"position\":1,\"name\":\"Home\",\"item\":\"https:\/\/foretnature.be\/en\/\"},{\"@type\":\"ListItem\",\"position\":2,\"name\":\"Aper\u00e7u de l\u2019appel \u00e0 projets \u00ab For\u00eat r\u00e9siliente II \u00bb\"}]},{\"@type\":\"WebSite\",\"@id\":\"https:\/\/foretnature.be\/en\/#website\",\"url\":\"https:\/\/foretnature.be\/en\/\",\"name\":\"For\u00eat.Nature\",\"description\":\"Une \u00e9quipe technique au service de la for\u00eat\",\"publisher\":{\"@id\":\"https:\/\/foretnature.be\/en\/#organization\"},\"potentialAction\":[{\"@type\":\"SearchAction\",\"target\":{\"@type\":\"EntryPoint\",\"urlTemplate\":\"https:\/\/foretnature.be\/en\/?s={search_term_string}\"},\"query-input\":\"required name=search_term_string\"}],\"inLanguage\":\"en-GB\"},{\"@type\":\"Organization\",\"@id\":\"https:\/\/foretnature.be\/en\/#organization\",\"name\":\"For\u00eat.Nature\",\"url\":\"https:\/\/foretnature.be\/en\/\",\"logo\":{\"@type\":\"ImageObject\",\"inLanguage\":\"en-GB\",\"@id\":\"https:\/\/foretnature.be\/en\/#\/schema\/logo\/image\/\",\"url\":\"https:\/\/foretnature.be\/wp-content\/uploads\/2021\/01\/logoFOblanc.png\",\"contentUrl\":\"https:\/\/foretnature.be\/wp-content\/uploads\/2021\/01\/logoFOblanc.png\",\"width\":300,\"height\":151,\"caption\":\"For\u00eat.Nature\"},\"image\":{\"@id\":\"https:\/\/foretnature.be\/en\/#\/schema\/logo\/image\/\"}}]}<\/script>\n<!-- \/ Yoast SEO plugin. -->","yoast_head_json":{"title":"Aper\u00e7u de l\u2019appel \u00e0 projets \u00ab For\u00eat r\u00e9siliente II \u00bb - For\u00eat.Nature","robots":{"index":"index","follow":"follow","max-snippet":"max-snippet:-1","max-image-preview":"max-image-preview:large","max-video-preview":"max-video-preview:-1"},"canonical":"https:\/\/foretnature.be\/en\/article-foret-nature\/apercu-de-lappel-a-projets-foret-resiliente-ii\/","og_locale":"en_GB","og_type":"article","og_title":"Aper\u00e7u de l\u2019appel \u00e0 projets \u00ab For\u00eat r\u00e9siliente II \u00bb - For\u00eat.Nature","og_description":"Lanc\u00e9 par la Ministre C\u00e9line Tellier, en charge de l\u2019Environnement et de la For\u00eat, le projet \u00ab\u202fFor\u00eat r\u00e9siliente\u202fII \u00bb a pour objectif d\u2019encourager les propri\u00e9taires forestiers publics et priv\u00e9s \u00e0 r\u00e9fl\u00e9chir diff\u00e9remment leur gestion pour r\u00e9g\u00e9n\u00e9rer leurs for\u00eats et les orienter vers une for\u00eat plus r\u00e9siliente face \u00e0 l\u2019urgence climatique.","og_url":"https:\/\/foretnature.be\/en\/article-foret-nature\/apercu-de-lappel-a-projets-foret-resiliente-ii\/","og_site_name":"For\u00eat.Nature","article_modified_time":"2024-10-24T08:30:22+00:00","twitter_card":"summary_large_image","twitter_misc":{"Estimated reading time":"1 minute"},"schema":{"@context":"https:\/\/schema.org","@graph":[{"@type":"WebPage","@id":"http:\/\/foretnature.be\/article-foret-nature\/apercu-de-lappel-a-projets-foret-resiliente-ii\/","url":"http:\/\/foretnature.be\/article-foret-nature\/apercu-de-lappel-a-projets-foret-resiliente-ii\/","name":"Aper\u00e7u de l\u2019appel \u00e0 projets \u00ab For\u00eat r\u00e9siliente II \u00bb - For\u00eat.Nature","isPartOf":{"@id":"https:\/\/foretnature.be\/en\/#website"},"datePublished":"2022-08-16T11:26:53+00:00","dateModified":"2024-10-24T08:30:22+00:00","breadcrumb":{"@id":"http:\/\/foretnature.be\/article-foret-nature\/apercu-de-lappel-a-projets-foret-resiliente-ii\/#breadcrumb"},"inLanguage":"en-GB","potentialAction":[{"@type":"ReadAction","target":["http:\/\/foretnature.be\/article-foret-nature\/apercu-de-lappel-a-projets-foret-resiliente-ii\/"]}]},{"@type":"BreadcrumbList","@id":"http:\/\/foretnature.be\/article-foret-nature\/apercu-de-lappel-a-projets-foret-resiliente-ii\/#breadcrumb","itemListElement":[{"@type":"ListItem","position":1,"name":"Home","item":"https:\/\/foretnature.be\/en\/"},{"@type":"ListItem","position":2,"name":"Aper\u00e7u de l\u2019appel \u00e0 projets \u00ab For\u00eat r\u00e9siliente II \u00bb"}]},{"@type":"WebSite","@id":"https:\/\/foretnature.be\/en\/#website","url":"https:\/\/foretnature.be\/en\/","name":"For\u00eat.Nature","description":"Une \u00e9quipe technique au service de la for\u00eat","publisher":{"@id":"https:\/\/foretnature.be\/en\/#organization"},"potentialAction":[{"@type":"SearchAction","target":{"@type":"EntryPoint","urlTemplate":"https:\/\/foretnature.be\/en\/?s={search_term_string}"},"query-input":"required name=search_term_string"}],"inLanguage":"en-GB"},{"@type":"Organization","@id":"https:\/\/foretnature.be\/en\/#organization","name":"For\u00eat.Nature","url":"https:\/\/foretnature.be\/en\/","logo":{"@type":"ImageObject","inLanguage":"en-GB","@id":"https:\/\/foretnature.be\/en\/#\/schema\/logo\/image\/","url":"https:\/\/foretnature.be\/wp-content\/uploads\/2021\/01\/logoFOblanc.png","contentUrl":"https:\/\/foretnature.be\/wp-content\/uploads\/2021\/01\/logoFOblanc.png","width":300,"height":151,"caption":"For\u00eat.Nature"},"image":{"@id":"https:\/\/foretnature.be\/en\/#\/schema\/logo\/image\/"}}]}},"_links":{"self":[{"href":"https:\/\/foretnature.be\/en\/wp-json\/wp\/v2\/article-foret-nature\/37182"}],"collection":[{"href":"https:\/\/foretnature.be\/en\/wp-json\/wp\/v2\/article-foret-nature"}],"about":[{"href":"https:\/\/foretnature.be\/en\/wp-json\/wp\/v2\/types\/article-foret-nature"}],"wp:attachment":[{"href":"https:\/\/foretnature.be\/en\/wp-json\/wp\/v2\/media?parent=37182"}],"wp:term":[{"taxonomy":"category","embeddable":true,"href":"https:\/\/foretnature.be\/en\/wp-json\/wp\/v2\/categories?post=37182"}],"curies":[{"name":"wp","href":"https:\/\/api.w.org\/{rel}","templated":true}]}}