{"id":34669,"date":"2021-09-10T13:54:09","date_gmt":"2021-09-10T11:54:09","guid":{"rendered":"https:\/\/foretnature.be\/article-foret-nature\/etude-de-la-qualite-du-bois-depicea-conserve-sous-baches-hermetiques\/"},"modified":"2024-10-24T10:27:28","modified_gmt":"2024-10-24T08:27:28","slug":"etude-de-la-qualite-du-bois-depicea-conserve-sous-baches-hermetiques","status":"publish","type":"article-foret-nature","link":"https:\/\/foretnature.be\/en\/article-foret-nature\/etude-de-la-qualite-du-bois-depicea-conserve-sous-baches-hermetiques\/","title":{"rendered":"\u00c9tude de la qualit\u00e9 du bois d\u2019\u00e9pic\u00e9a conserv\u00e9 sous b\u00e2ches herm\u00e9tiques"},"content":{"rendered":"<p>Le stockage de bois dans des silos herm\u00e9tiques \u00e0 l\u2019air est un proc\u00e9d\u00e9 de conservation original d\u00e9velopp\u00e9 en Allemagne au lendemain des temp\u00eates de 1999. Une exp\u00e9rimentation en conditions r\u00e9elles sur des grumes d\u2019\u00e9pic\u00e9a a \u00e9t\u00e9 men\u00e9e de 2008 \u00e0 2013 \u00e0 Eupen (Wallonie, Belgique) afin d\u2019\u00e9tudier l\u2019\u00e9volution des propri\u00e9t\u00e9s visuelles, physiques et m\u00e9caniques du bois conserv\u00e9 via ce proc\u00e9d\u00e9 et apporter des garanties quant \u00e0 la valorisation industrielle ult\u00e9rieure de ces bois. Le taux d\u2019oxyg\u00e8ne au sein du silo \u00e9tanche est rest\u00e9 inf\u00e9rieur \u00e0 2\u00a0% tout au long du stockage qui s\u2019est d\u00e9roul\u00e9 de mani\u00e8re optimale. \u00c0 l\u2019ouverture du silo, les grumes pr\u00e9sentaient un aspect comparable \u00e0 du bois fra\u00eechement abattu, l\u2019\u00e9corce restant adh\u00e9rente. Cependant, un myc\u00e9lium blanch\u00e2tre superficiel attribuable \u00e0 Gliocladium solani a \u00e9t\u00e9 observ\u00e9 sur l\u2019\u00e9corce des surfaces expos\u00e9es de la pile, sans affecter toutefois le bois en profondeur. L\u2019essai de sciage en condition industrielle s\u2019est r\u00e9v\u00e9l\u00e9 convaincant pour les professionnels de la fili\u00e8re bois. Les sciages n\u2019ont pas \u00e9t\u00e9 affect\u00e9s par les 57\u00a0mois de stockage\u00a0: ils pr\u00e9sentaient un aspect et une couleur similaires aux d\u00e9bits caract\u00e9ristiques provenant de grumes d\u2019\u00e9pic\u00e9a frais. En laboratoire, des essais de caract\u00e9risation de la couleur, de l\u2019impr\u00e9gnabilit\u00e9, des propri\u00e9t\u00e9s physiques (masse volumique, humidit\u00e9) et m\u00e9caniques (module d\u2019\u00e9lasticit\u00e9, module de rupture et r\u00e9silience) ont \u00e9t\u00e9 effectu\u00e9s sur des \u00e9chantillons pr\u00e9lev\u00e9s avant l\u2019ensilage (t\u00e9moins) et sur des \u00e9chantillons issus des m\u00eames arbres pr\u00e9lev\u00e9s lors de l\u2019ouverture du silo pr\u00e8s de cinq ann\u00e9es plus tard. Aucune diff\u00e9rence statistiquement significative n\u2019a pu \u00eatre mise en \u00e9vidence entre les bois t\u00e9moins et ceux conserv\u00e9s sous b\u00e2ches herm\u00e9tiques. Il ressort de cette exp\u00e9rience que la m\u00e9thode de conservation sous b\u00e2ches herm\u00e9tiques peut \u00eatre envisag\u00e9e comme une alternative au stockage par aspersion pour des lots de bois chablis de bonne qualit\u00e9 et de forte valeur marchande sans risque de r\u00e9duction du potentiel de valorisation.<\/p>","protected":false},"excerpt":{"rendered":"<p>Le stockage de bois dans des silos herm\u00e9tiques \u00e0 l\u2019air est un proc\u00e9d\u00e9 de conservation original d\u00e9velopp\u00e9 en Allemagne au lendemain des temp\u00eates de 1999. Une exp\u00e9rimentation en conditions r\u00e9elles sur des grumes d\u2019\u00e9pic\u00e9a a \u00e9t\u00e9 men\u00e9e de 2008 \u00e0 2013 \u00e0 Eupen (Wallonie, Belgique) afin d\u2019\u00e9tudier l\u2019\u00e9volution des propri\u00e9t\u00e9s visuelles, physiques et m\u00e9caniques du [&hellip;]<\/p>\n","protected":false},"featured_media":0,"template":"","categories":[49],"class_list":["post-34669","article-foret-nature","type-article-foret-nature","status-publish","hentry","category-revue-foret-nature"],"acf":[],"_links":{"self":[{"href":"https:\/\/foretnature.be\/en\/wp-json\/wp\/v2\/article-foret-nature\/34669","targetHints":{"allow":["GET"]}}],"collection":[{"href":"https:\/\/foretnature.be\/en\/wp-json\/wp\/v2\/article-foret-nature"}],"about":[{"href":"https:\/\/foretnature.be\/en\/wp-json\/wp\/v2\/types\/article-foret-nature"}],"wp:attachment":[{"href":"https:\/\/foretnature.be\/en\/wp-json\/wp\/v2\/media?parent=34669"}],"wp:term":[{"taxonomy":"category","embeddable":true,"href":"https:\/\/foretnature.be\/en\/wp-json\/wp\/v2\/categories?post=34669"}],"curies":[{"name":"wp","href":"https:\/\/api.w.org\/{rel}","templated":true}]}}