{"id":33308,"date":"2021-07-15T11:49:33","date_gmt":"2021-07-15T09:49:33","guid":{"rendered":"https:\/\/gjkkadksm.preview.infomaniak.website\/?post_type=article-foret-nature&#038;p=33308"},"modified":"2024-10-24T10:29:38","modified_gmt":"2024-10-24T08:29:38","slug":"sequestration-de-carbone-organique-dans-les-sols-forestiers-impacts-de-la-gestion-sylvicole","status":"publish","type":"article-foret-nature","link":"https:\/\/foretnature.be\/en\/article-foret-nature\/sequestration-de-carbone-organique-dans-les-sols-forestiers-impacts-de-la-gestion-sylvicole\/","title":{"rendered":"S\u00e9questration de carbone organique dans les sols forestiers : impacts de la gestion sylvicole"},"content":{"rendered":"<p>Les sols stockent la majeure partie du carbone pr\u00e9sent au sein des \u00e9cosyst\u00e8mes forestiers, avec plus de 100 tC\/ha dans le premier m\u00e8tre du sol. La gestion sylvicole est susceptible de modifier, \u00e0 la hausse ou \u00e0 la baisse, les quantit\u00e9s de carbone stock\u00e9es dans les sols. L\u2019intensit\u00e9 des \u00e9claircies, l\u2019exportation de mati\u00e8res et la dur\u00e9e de r\u00e9volution influent sur le maintien de la fertilit\u00e9 des sols. Les pratiques de gestion sylvicole raisonn\u00e9es respectent le fonctionnement de l\u2019\u00e9cosyst\u00e8me et le carbone organique du sol.<\/p>","protected":false},"excerpt":{"rendered":"<p>Les sols stockent la majeure partie du carbone pr\u00e9sent au sein des \u00e9cosyst\u00e8mes forestiers, avec plus de 100 tC\/ha dans le premier m\u00e8tre du sol. La gestion sylvicole est susceptible de modifier, \u00e0 la hausse ou \u00e0 la baisse, les quantit\u00e9s de carbone stock\u00e9es dans les sols. L\u2019intensit\u00e9 des \u00e9claircies, l\u2019exportation de mati\u00e8res et la [&hellip;]<\/p>","protected":false},"featured_media":0,"template":"","categories":[49],"acf":[],"yoast_head":"<!-- This site is optimized with the Yoast SEO plugin v23.2 - https:\/\/yoast.com\/wordpress\/plugins\/seo\/ -->\n<title>S\u00e9questration de carbone organique dans les sols forestiers : impacts de la gestion sylvicole - For\u00eat.Nature<\/title>\n<meta name=\"robots\" content=\"index, follow, max-snippet:-1, max-image-preview:large, max-video-preview:-1\" \/>\n<link rel=\"canonical\" href=\"https:\/\/foretnature.be\/en\/article-foret-nature\/sequestration-de-carbone-organique-dans-les-sols-forestiers-impacts-de-la-gestion-sylvicole\/\" \/>\n<meta property=\"og:locale\" content=\"en_GB\" \/>\n<meta property=\"og:type\" content=\"article\" \/>\n<meta property=\"og:title\" content=\"S\u00e9questration de carbone organique dans les sols forestiers : impacts de la gestion sylvicole - For\u00eat.Nature\" \/>\n<meta property=\"og:description\" content=\"Les sols stockent la majeure partie du carbone pr\u00e9sent au sein des \u00e9cosyst\u00e8mes forestiers, avec plus de 100 tC\/ha dans le premier m\u00e8tre du sol. La gestion sylvicole est susceptible de modifier, \u00e0 la hausse ou \u00e0 la baisse, les quantit\u00e9s de carbone stock\u00e9es dans les sols. L\u2019intensit\u00e9 des \u00e9claircies, l\u2019exportation de mati\u00e8res et la [&hellip;]\" \/>\n<meta property=\"og:url\" content=\"https:\/\/foretnature.be\/en\/article-foret-nature\/sequestration-de-carbone-organique-dans-les-sols-forestiers-impacts-de-la-gestion-sylvicole\/\" \/>\n<meta property=\"og:site_name\" content=\"For\u00eat.Nature\" \/>\n<meta property=\"article:modified_time\" content=\"2024-10-24T08:29:38+00:00\" \/>\n<meta name=\"twitter:card\" content=\"summary_large_image\" \/>\n<meta name=\"twitter:label1\" content=\"Estimated reading time\" \/>\n\t<meta name=\"twitter:data1\" content=\"1 minute\" \/>\n<script type=\"application\/ld+json\" class=\"yoast-schema-graph\">{\"@context\":\"https:\/\/schema.org\",\"@graph\":[{\"@type\":\"WebPage\",\"@id\":\"https:\/\/foretnature.be\/article-foret-nature\/sequestration-de-carbone-organique-dans-les-sols-forestiers-impacts-de-la-gestion-sylvicole\/\",\"url\":\"https:\/\/foretnature.be\/article-foret-nature\/sequestration-de-carbone-organique-dans-les-sols-forestiers-impacts-de-la-gestion-sylvicole\/\",\"name\":\"S\u00e9questration de carbone organique dans les sols forestiers : impacts de la gestion sylvicole - For\u00eat.Nature\",\"isPartOf\":{\"@id\":\"https:\/\/foretnature.be\/en\/#website\"},\"datePublished\":\"2021-07-15T09:49:33+00:00\",\"dateModified\":\"2024-10-24T08:29:38+00:00\",\"breadcrumb\":{\"@id\":\"https:\/\/foretnature.be\/article-foret-nature\/sequestration-de-carbone-organique-dans-les-sols-forestiers-impacts-de-la-gestion-sylvicole\/#breadcrumb\"},\"inLanguage\":\"en-GB\",\"potentialAction\":[{\"@type\":\"ReadAction\",\"target\":[\"https:\/\/foretnature.be\/article-foret-nature\/sequestration-de-carbone-organique-dans-les-sols-forestiers-impacts-de-la-gestion-sylvicole\/\"]}]},{\"@type\":\"BreadcrumbList\",\"@id\":\"https:\/\/foretnature.be\/article-foret-nature\/sequestration-de-carbone-organique-dans-les-sols-forestiers-impacts-de-la-gestion-sylvicole\/#breadcrumb\",\"itemListElement\":[{\"@type\":\"ListItem\",\"position\":1,\"name\":\"Home\",\"item\":\"https:\/\/foretnature.be\/en\/\"},{\"@type\":\"ListItem\",\"position\":2,\"name\":\"S\u00e9questration de carbone organique dans les sols forestiers : impacts de la gestion sylvicole\"}]},{\"@type\":\"WebSite\",\"@id\":\"https:\/\/foretnature.be\/en\/#website\",\"url\":\"https:\/\/foretnature.be\/en\/\",\"name\":\"For\u00eat.Nature\",\"description\":\"Une \u00e9quipe technique au service de la for\u00eat\",\"publisher\":{\"@id\":\"https:\/\/foretnature.be\/en\/#organization\"},\"potentialAction\":[{\"@type\":\"SearchAction\",\"target\":{\"@type\":\"EntryPoint\",\"urlTemplate\":\"https:\/\/foretnature.be\/en\/?s={search_term_string}\"},\"query-input\":\"required name=search_term_string\"}],\"inLanguage\":\"en-GB\"},{\"@type\":\"Organization\",\"@id\":\"https:\/\/foretnature.be\/en\/#organization\",\"name\":\"For\u00eat.Nature\",\"url\":\"https:\/\/foretnature.be\/en\/\",\"logo\":{\"@type\":\"ImageObject\",\"inLanguage\":\"en-GB\",\"@id\":\"https:\/\/foretnature.be\/en\/#\/schema\/logo\/image\/\",\"url\":\"https:\/\/foretnature.be\/wp-content\/uploads\/2021\/01\/logoFOblanc.png\",\"contentUrl\":\"https:\/\/foretnature.be\/wp-content\/uploads\/2021\/01\/logoFOblanc.png\",\"width\":300,\"height\":151,\"caption\":\"For\u00eat.Nature\"},\"image\":{\"@id\":\"https:\/\/foretnature.be\/en\/#\/schema\/logo\/image\/\"}}]}<\/script>\n<!-- \/ Yoast SEO plugin. -->","yoast_head_json":{"title":"S\u00e9questration de carbone organique dans les sols forestiers : impacts de la gestion sylvicole - For\u00eat.Nature","robots":{"index":"index","follow":"follow","max-snippet":"max-snippet:-1","max-image-preview":"max-image-preview:large","max-video-preview":"max-video-preview:-1"},"canonical":"https:\/\/foretnature.be\/en\/article-foret-nature\/sequestration-de-carbone-organique-dans-les-sols-forestiers-impacts-de-la-gestion-sylvicole\/","og_locale":"en_GB","og_type":"article","og_title":"S\u00e9questration de carbone organique dans les sols forestiers : impacts de la gestion sylvicole - For\u00eat.Nature","og_description":"Les sols stockent la majeure partie du carbone pr\u00e9sent au sein des \u00e9cosyst\u00e8mes forestiers, avec plus de 100 tC\/ha dans le premier m\u00e8tre du sol. La gestion sylvicole est susceptible de modifier, \u00e0 la hausse ou \u00e0 la baisse, les quantit\u00e9s de carbone stock\u00e9es dans les sols. L\u2019intensit\u00e9 des \u00e9claircies, l\u2019exportation de mati\u00e8res et la [&hellip;]","og_url":"https:\/\/foretnature.be\/en\/article-foret-nature\/sequestration-de-carbone-organique-dans-les-sols-forestiers-impacts-de-la-gestion-sylvicole\/","og_site_name":"For\u00eat.Nature","article_modified_time":"2024-10-24T08:29:38+00:00","twitter_card":"summary_large_image","twitter_misc":{"Estimated reading time":"1 minute"},"schema":{"@context":"https:\/\/schema.org","@graph":[{"@type":"WebPage","@id":"https:\/\/foretnature.be\/article-foret-nature\/sequestration-de-carbone-organique-dans-les-sols-forestiers-impacts-de-la-gestion-sylvicole\/","url":"https:\/\/foretnature.be\/article-foret-nature\/sequestration-de-carbone-organique-dans-les-sols-forestiers-impacts-de-la-gestion-sylvicole\/","name":"S\u00e9questration de carbone organique dans les sols forestiers : impacts de la gestion sylvicole - For\u00eat.Nature","isPartOf":{"@id":"https:\/\/foretnature.be\/en\/#website"},"datePublished":"2021-07-15T09:49:33+00:00","dateModified":"2024-10-24T08:29:38+00:00","breadcrumb":{"@id":"https:\/\/foretnature.be\/article-foret-nature\/sequestration-de-carbone-organique-dans-les-sols-forestiers-impacts-de-la-gestion-sylvicole\/#breadcrumb"},"inLanguage":"en-GB","potentialAction":[{"@type":"ReadAction","target":["https:\/\/foretnature.be\/article-foret-nature\/sequestration-de-carbone-organique-dans-les-sols-forestiers-impacts-de-la-gestion-sylvicole\/"]}]},{"@type":"BreadcrumbList","@id":"https:\/\/foretnature.be\/article-foret-nature\/sequestration-de-carbone-organique-dans-les-sols-forestiers-impacts-de-la-gestion-sylvicole\/#breadcrumb","itemListElement":[{"@type":"ListItem","position":1,"name":"Home","item":"https:\/\/foretnature.be\/en\/"},{"@type":"ListItem","position":2,"name":"S\u00e9questration de carbone organique dans les sols forestiers : impacts de la gestion sylvicole"}]},{"@type":"WebSite","@id":"https:\/\/foretnature.be\/en\/#website","url":"https:\/\/foretnature.be\/en\/","name":"For\u00eat.Nature","description":"Une \u00e9quipe technique au service de la for\u00eat","publisher":{"@id":"https:\/\/foretnature.be\/en\/#organization"},"potentialAction":[{"@type":"SearchAction","target":{"@type":"EntryPoint","urlTemplate":"https:\/\/foretnature.be\/en\/?s={search_term_string}"},"query-input":"required name=search_term_string"}],"inLanguage":"en-GB"},{"@type":"Organization","@id":"https:\/\/foretnature.be\/en\/#organization","name":"For\u00eat.Nature","url":"https:\/\/foretnature.be\/en\/","logo":{"@type":"ImageObject","inLanguage":"en-GB","@id":"https:\/\/foretnature.be\/en\/#\/schema\/logo\/image\/","url":"https:\/\/foretnature.be\/wp-content\/uploads\/2021\/01\/logoFOblanc.png","contentUrl":"https:\/\/foretnature.be\/wp-content\/uploads\/2021\/01\/logoFOblanc.png","width":300,"height":151,"caption":"For\u00eat.Nature"},"image":{"@id":"https:\/\/foretnature.be\/en\/#\/schema\/logo\/image\/"}}]}},"_links":{"self":[{"href":"https:\/\/foretnature.be\/en\/wp-json\/wp\/v2\/article-foret-nature\/33308"}],"collection":[{"href":"https:\/\/foretnature.be\/en\/wp-json\/wp\/v2\/article-foret-nature"}],"about":[{"href":"https:\/\/foretnature.be\/en\/wp-json\/wp\/v2\/types\/article-foret-nature"}],"wp:attachment":[{"href":"https:\/\/foretnature.be\/en\/wp-json\/wp\/v2\/media?parent=33308"}],"wp:term":[{"taxonomy":"category","embeddable":true,"href":"https:\/\/foretnature.be\/en\/wp-json\/wp\/v2\/categories?post=33308"}],"curies":[{"name":"wp","href":"https:\/\/api.w.org\/{rel}","templated":true}]}}