{"id":32766,"date":"2021-04-15T10:21:33","date_gmt":"2021-04-15T08:21:33","guid":{"rendered":"https:\/\/gjkkadksm.preview.infomaniak.website\/?post_type=article-foret-nature&#038;p=32766"},"modified":"2024-10-24T10:29:21","modified_gmt":"2024-10-24T08:29:21","slug":"un-plan-daction-wallon-pour-cohabiter-avec-le-loup","status":"publish","type":"article-foret-nature","link":"https:\/\/foretnature.be\/en\/article-foret-nature\/un-plan-daction-wallon-pour-cohabiter-avec-le-loup\/","title":{"rendered":"Un plan d\u2019action wallon pour cohabiter avec le loup"},"content":{"rendered":"<p>Le loup a entam\u00e9 une lente reconqu\u00eate naturelle des territoires dont il a jadis \u00e9t\u00e9 \u00e9radiqu\u00e9. Ce retour progressif d\u2019une esp\u00e8ce aujourd\u2019hui prot\u00e9g\u00e9e a incit\u00e9 l\u2019administration, \u00e0 la demande de la Ministre de la Nature, \u00e0 r\u00e9diger un plan d\u2019action. Celui-ci vise \u00e0 prot\u00e9ger l\u2019esp\u00e8ce, certes, mais surtout \u00e0 favoriser sa cohabitation avec l\u2019homme sur notre territoire. Le plan d\u2019action synth\u00e9tise les connaissances actuelles sur l\u2019esp\u00e8ce et propose une panoplie d\u2019actions visant (1) son suivi scientifique, (2) sa protection et la gestion de situations probl\u00e9matiques \u00e9ventuelles, (3) l\u2019appui \u00e0 la protection des troupeaux par le financement de mesures de pr\u00e9vention (moyens de protection temporaires et durables) et l\u2019indemnisation des dommages, et (4) la sensibilisation d\u2019acteurs de terrain sp\u00e9cifiques ainsi que du grand public. Cet article r\u00e9sume les actions pr\u00e9cises pr\u00e9vues pour atteindre chacun de ces objectifs op\u00e9rationnels.<\/p>","protected":false},"excerpt":{"rendered":"<p>Le loup a entam\u00e9 une lente reconqu\u00eate naturelle des territoires dont il a jadis \u00e9t\u00e9 \u00e9radiqu\u00e9. Ce retour progressif d\u2019une esp\u00e8ce aujourd\u2019hui prot\u00e9g\u00e9e a incit\u00e9 l\u2019administration, \u00e0 la demande de la Ministre de la Nature, \u00e0 r\u00e9diger un plan d\u2019action. Celui-ci vise \u00e0 prot\u00e9ger l\u2019esp\u00e8ce, certes, mais surtout \u00e0 favoriser sa cohabitation avec l\u2019homme sur [&hellip;]<\/p>","protected":false},"featured_media":0,"template":"","categories":[49],"acf":[],"yoast_head":"<!-- This site is optimized with the Yoast SEO plugin v23.2 - https:\/\/yoast.com\/wordpress\/plugins\/seo\/ -->\n<title>Un plan d\u2019action wallon pour cohabiter avec le loup - For\u00eat.Nature<\/title>\n<meta name=\"robots\" content=\"index, follow, max-snippet:-1, max-image-preview:large, max-video-preview:-1\" \/>\n<link rel=\"canonical\" href=\"https:\/\/foretnature.be\/en\/article-foret-nature\/un-plan-daction-wallon-pour-cohabiter-avec-le-loup\/\" \/>\n<meta property=\"og:locale\" content=\"en_GB\" \/>\n<meta property=\"og:type\" content=\"article\" \/>\n<meta property=\"og:title\" content=\"Un plan d\u2019action wallon pour cohabiter avec le loup - For\u00eat.Nature\" \/>\n<meta property=\"og:description\" content=\"Le loup a entam\u00e9 une lente reconqu\u00eate naturelle des territoires dont il a jadis \u00e9t\u00e9 \u00e9radiqu\u00e9. Ce retour progressif d\u2019une esp\u00e8ce aujourd\u2019hui prot\u00e9g\u00e9e a incit\u00e9 l\u2019administration, \u00e0 la demande de la Ministre de la Nature, \u00e0 r\u00e9diger un plan d\u2019action. Celui-ci vise \u00e0 prot\u00e9ger l\u2019esp\u00e8ce, certes, mais surtout \u00e0 favoriser sa cohabitation avec l\u2019homme sur [&hellip;]\" \/>\n<meta property=\"og:url\" content=\"https:\/\/foretnature.be\/en\/article-foret-nature\/un-plan-daction-wallon-pour-cohabiter-avec-le-loup\/\" \/>\n<meta property=\"og:site_name\" content=\"For\u00eat.Nature\" \/>\n<meta property=\"article:modified_time\" content=\"2024-10-24T08:29:21+00:00\" \/>\n<meta name=\"twitter:card\" content=\"summary_large_image\" \/>\n<meta name=\"twitter:label1\" content=\"Estimated reading time\" \/>\n\t<meta name=\"twitter:data1\" content=\"1 minute\" \/>\n<script type=\"application\/ld+json\" class=\"yoast-schema-graph\">{\"@context\":\"https:\/\/schema.org\",\"@graph\":[{\"@type\":\"WebPage\",\"@id\":\"https:\/\/foretnature.be\/en\/article-foret-nature\/un-plan-daction-wallon-pour-cohabiter-avec-le-loup\/\",\"url\":\"https:\/\/foretnature.be\/en\/article-foret-nature\/un-plan-daction-wallon-pour-cohabiter-avec-le-loup\/\",\"name\":\"Un plan d\u2019action wallon pour cohabiter avec le loup - For\u00eat.Nature\",\"isPartOf\":{\"@id\":\"https:\/\/foretnature.be\/#website\"},\"datePublished\":\"2021-04-15T08:21:33+00:00\",\"dateModified\":\"2024-10-24T08:29:21+00:00\",\"breadcrumb\":{\"@id\":\"https:\/\/foretnature.be\/en\/article-foret-nature\/un-plan-daction-wallon-pour-cohabiter-avec-le-loup\/#breadcrumb\"},\"inLanguage\":\"en-GB\",\"potentialAction\":[{\"@type\":\"ReadAction\",\"target\":[\"https:\/\/foretnature.be\/en\/article-foret-nature\/un-plan-daction-wallon-pour-cohabiter-avec-le-loup\/\"]}]},{\"@type\":\"BreadcrumbList\",\"@id\":\"https:\/\/foretnature.be\/en\/article-foret-nature\/un-plan-daction-wallon-pour-cohabiter-avec-le-loup\/#breadcrumb\",\"itemListElement\":[{\"@type\":\"ListItem\",\"position\":1,\"name\":\"Home\",\"item\":\"https:\/\/foretnature.be\/\"},{\"@type\":\"ListItem\",\"position\":2,\"name\":\"Un plan d\u2019action wallon pour cohabiter avec le loup\"}]},{\"@type\":\"WebSite\",\"@id\":\"https:\/\/foretnature.be\/#website\",\"url\":\"https:\/\/foretnature.be\/\",\"name\":\"For\u00eat.Nature\",\"description\":\"Une \u00e9quipe technique au service de la for\u00eat\",\"publisher\":{\"@id\":\"https:\/\/foretnature.be\/#organization\"},\"potentialAction\":[{\"@type\":\"SearchAction\",\"target\":{\"@type\":\"EntryPoint\",\"urlTemplate\":\"https:\/\/foretnature.be\/?s={search_term_string}\"},\"query-input\":\"required name=search_term_string\"}],\"inLanguage\":\"en-GB\"},{\"@type\":\"Organization\",\"@id\":\"https:\/\/foretnature.be\/#organization\",\"name\":\"For\u00eat.Nature\",\"url\":\"https:\/\/foretnature.be\/\",\"logo\":{\"@type\":\"ImageObject\",\"inLanguage\":\"en-GB\",\"@id\":\"https:\/\/foretnature.be\/#\/schema\/logo\/image\/\",\"url\":\"https:\/\/foretnature.be\/wp-content\/uploads\/2021\/01\/logoFOblanc.png\",\"contentUrl\":\"https:\/\/foretnature.be\/wp-content\/uploads\/2021\/01\/logoFOblanc.png\",\"width\":300,\"height\":151,\"caption\":\"For\u00eat.Nature\"},\"image\":{\"@id\":\"https:\/\/foretnature.be\/#\/schema\/logo\/image\/\"}}]}<\/script>\n<!-- \/ Yoast SEO plugin. -->","yoast_head_json":{"title":"Un plan d\u2019action wallon pour cohabiter avec le loup - For\u00eat.Nature","robots":{"index":"index","follow":"follow","max-snippet":"max-snippet:-1","max-image-preview":"max-image-preview:large","max-video-preview":"max-video-preview:-1"},"canonical":"https:\/\/foretnature.be\/en\/article-foret-nature\/un-plan-daction-wallon-pour-cohabiter-avec-le-loup\/","og_locale":"en_GB","og_type":"article","og_title":"Un plan d\u2019action wallon pour cohabiter avec le loup - For\u00eat.Nature","og_description":"Le loup a entam\u00e9 une lente reconqu\u00eate naturelle des territoires dont il a jadis \u00e9t\u00e9 \u00e9radiqu\u00e9. Ce retour progressif d\u2019une esp\u00e8ce aujourd\u2019hui prot\u00e9g\u00e9e a incit\u00e9 l\u2019administration, \u00e0 la demande de la Ministre de la Nature, \u00e0 r\u00e9diger un plan d\u2019action. Celui-ci vise \u00e0 prot\u00e9ger l\u2019esp\u00e8ce, certes, mais surtout \u00e0 favoriser sa cohabitation avec l\u2019homme sur [&hellip;]","og_url":"https:\/\/foretnature.be\/en\/article-foret-nature\/un-plan-daction-wallon-pour-cohabiter-avec-le-loup\/","og_site_name":"For\u00eat.Nature","article_modified_time":"2024-10-24T08:29:21+00:00","twitter_card":"summary_large_image","twitter_misc":{"Estimated reading time":"1 minute"},"schema":{"@context":"https:\/\/schema.org","@graph":[{"@type":"WebPage","@id":"https:\/\/foretnature.be\/en\/article-foret-nature\/un-plan-daction-wallon-pour-cohabiter-avec-le-loup\/","url":"https:\/\/foretnature.be\/en\/article-foret-nature\/un-plan-daction-wallon-pour-cohabiter-avec-le-loup\/","name":"Un plan d\u2019action wallon pour cohabiter avec le loup - For\u00eat.Nature","isPartOf":{"@id":"https:\/\/foretnature.be\/#website"},"datePublished":"2021-04-15T08:21:33+00:00","dateModified":"2024-10-24T08:29:21+00:00","breadcrumb":{"@id":"https:\/\/foretnature.be\/en\/article-foret-nature\/un-plan-daction-wallon-pour-cohabiter-avec-le-loup\/#breadcrumb"},"inLanguage":"en-GB","potentialAction":[{"@type":"ReadAction","target":["https:\/\/foretnature.be\/en\/article-foret-nature\/un-plan-daction-wallon-pour-cohabiter-avec-le-loup\/"]}]},{"@type":"BreadcrumbList","@id":"https:\/\/foretnature.be\/en\/article-foret-nature\/un-plan-daction-wallon-pour-cohabiter-avec-le-loup\/#breadcrumb","itemListElement":[{"@type":"ListItem","position":1,"name":"Home","item":"https:\/\/foretnature.be\/"},{"@type":"ListItem","position":2,"name":"Un plan d\u2019action wallon pour cohabiter avec le loup"}]},{"@type":"WebSite","@id":"https:\/\/foretnature.be\/#website","url":"https:\/\/foretnature.be\/","name":"For\u00eat.Nature","description":"Une \u00e9quipe technique au service de la for\u00eat","publisher":{"@id":"https:\/\/foretnature.be\/#organization"},"potentialAction":[{"@type":"SearchAction","target":{"@type":"EntryPoint","urlTemplate":"https:\/\/foretnature.be\/?s={search_term_string}"},"query-input":"required name=search_term_string"}],"inLanguage":"en-GB"},{"@type":"Organization","@id":"https:\/\/foretnature.be\/#organization","name":"For\u00eat.Nature","url":"https:\/\/foretnature.be\/","logo":{"@type":"ImageObject","inLanguage":"en-GB","@id":"https:\/\/foretnature.be\/#\/schema\/logo\/image\/","url":"https:\/\/foretnature.be\/wp-content\/uploads\/2021\/01\/logoFOblanc.png","contentUrl":"https:\/\/foretnature.be\/wp-content\/uploads\/2021\/01\/logoFOblanc.png","width":300,"height":151,"caption":"For\u00eat.Nature"},"image":{"@id":"https:\/\/foretnature.be\/#\/schema\/logo\/image\/"}}]}},"_links":{"self":[{"href":"https:\/\/foretnature.be\/en\/wp-json\/wp\/v2\/article-foret-nature\/32766"}],"collection":[{"href":"https:\/\/foretnature.be\/en\/wp-json\/wp\/v2\/article-foret-nature"}],"about":[{"href":"https:\/\/foretnature.be\/en\/wp-json\/wp\/v2\/types\/article-foret-nature"}],"wp:attachment":[{"href":"https:\/\/foretnature.be\/en\/wp-json\/wp\/v2\/media?parent=32766"}],"wp:term":[{"taxonomy":"category","embeddable":true,"href":"https:\/\/foretnature.be\/en\/wp-json\/wp\/v2\/categories?post=32766"}],"curies":[{"name":"wp","href":"https:\/\/api.w.org\/{rel}","templated":true}]}}